{"id":54246,"date":"2017-08-30T09:07:50","date_gmt":"2017-08-30T06:07:50","guid":{"rendered":"http:\/\/giurgiu-net.ro\/?p=54246"},"modified":"2017-08-30T09:07:50","modified_gmt":"2017-08-30T06:07:50","slug":"haideti-sa-l-intampinam-pe-inotatorul-avram-iancu-sambata-in-portul-giurgiu","status":"publish","type":"post","link":"https:\/\/giurgiu-net.ro\/index.php\/2017\/08\/30\/haideti-sa-l-intampinam-pe-inotatorul-avram-iancu-sambata-in-portul-giurgiu\/","title":{"rendered":"Haide\u0163i s\u0103-l \u00eent\u00e2mpin\u0103m pe \u00eenot\u0103torul Avram Iancu! S\u00e2mb\u0103t\u0103, \u00een Portul Giurgiu"},"content":{"rendered":"<p><!--more--><\/p>\n<p>S\u00e2mb\u0103t\u0103, 2 septembrie 2017, \u00eenot\u0103torul Avram Iancu, cel care a plecat \u00eenot de la izvoarele Dun\u0103rii c\u0103tre Marea Neagr\u0103 va ajunge la Giurgiu.<\/p>\n<p>&#8222;De profesie bibliotecar, dup\u0103 ce a reu\u0219it \u00een data de 30 august 2016 s\u0103 traverseze \u00eenot Canalul M\u00e2necii \u00een aproximativ 18 ore, pentru anul 2017 Avram Iancu \u0219i-a propus un obiectiv \u0219i mai ambi\u021bios: s\u0103 fie primul din lume care parcurge toat\u0103 lungimea Dun\u0103rii, numai \u00een<span class=\"text_exposed_show\">\u00a0slip, f\u0103r\u0103 protec\u021bie termic\u0103.<br \/>\n<\/span><\/p>\n<p><span class=\"text_exposed_show\">De c\u00e2nd a s\u0103rit \u00een f\u00e2nt\u00e2na Donauquelle, locul care marcheaz\u0103 izvorul Dun\u0103rii, Avram Iancu a \u00eenotat zilnic distan\u021be \u00eentre 18-53 de kilometri, trec\u00e2nd prin \u0219ase din cele 10 \u021b\u0103ri riverane (Germania, Austria, Slovacia, Ungaria, Croa\u0163ia, Serbia), \u0219i prin cele patru capitale (Viena, Bratislava, Budapesta \u0219i Belgrad).<br \/>\nLa Ulm, Linz, Viena, Budapesta, Novi Sad a fost a\u0219teptat \u0219i primit ca un campion de oficialitati si presa locala.<br \/>\n<\/span><\/p>\n<p><span class=\"text_exposed_show\">De c\u00e2nd va intra \u00een \u021bar\u0103, urmeaz\u0103 al\u021bi 1075 de kilometri din totalul de 2860 \u0219i alte patru \u021b\u0103ri &#8211; Rom\u00e2nia, Bulgaria, Moldova \u0219i Ucraina.<br \/>\nPrimirea oficial\u0103 a \u00eenot\u0103torului este organizat\u0103 de Clubul nautic SAN GIORGIO, iar \u00een func\u021bie de traseul inot\u0103torului vom reveni cu detalii legate de ora la care va ajunge la Giurgiu- Prim\u0103ria Giurgiu&#8221;<\/span><\/p>\n","protected":false},"excerpt":{"rendered":"","protected":false},"author":1,"featured_media":53905,"comment_status":"open","ping_status":"open","sticky":false,"template":"","format":"standard","meta":{"slim_seo":{"title":"Haide\u0163i s\u0103-l \u00eent\u00e2mpin\u0103m pe \u00eenot\u0103torul Avram Iancu! S\u00e2mb\u0103t\u0103, \u00een Portul Giurgiu - GIURGIU NET","description":"S\u00e2mb\u0103t\u0103, 2 septembrie 2017, \u00eenot\u0103torul Avram Iancu, cel care a plecat \u00eenot de la izvoarele Dun\u0103rii c\u0103tre Marea Neagr\u0103 va ajunge la Giurgiu. \"De profesie bibliot"},"footnotes":""},"categories":[18,19,27],"tags":[308],"class_list":{"0":"post-54246","1":"post","2":"type-post","3":"status-publish","4":"format-standard","5":"has-post-thumbnail","7":"category-actual","8":"category-adm","9":"category-spo","10":"tag-avram-iancu"},"_links":{"self":[{"href":"https:\/\/giurgiu-net.ro\/index.php\/wp-json\/wp\/v2\/posts\/54246","targetHints":{"allow":["GET"]}}],"collection":[{"href":"https:\/\/giurgiu-net.ro\/index.php\/wp-json\/wp\/v2\/posts"}],"about":[{"href":"https:\/\/giurgiu-net.ro\/index.php\/wp-json\/wp\/v2\/types\/post"}],"author":[{"embeddable":true,"href":"https:\/\/giurgiu-net.ro\/index.php\/wp-json\/wp\/v2\/users\/1"}],"replies":[{"embeddable":true,"href":"https:\/\/giurgiu-net.ro\/index.php\/wp-json\/wp\/v2\/comments?post=54246"}],"version-history":[{"count":0,"href":"https:\/\/giurgiu-net.ro\/index.php\/wp-json\/wp\/v2\/posts\/54246\/revisions"}],"wp:featuredmedia":[{"embeddable":true,"href":"https:\/\/giurgiu-net.ro\/index.php\/wp-json\/"}],"wp:attachment":[{"href":"https:\/\/giurgiu-net.ro\/index.php\/wp-json\/wp\/v2\/media?parent=54246"}],"wp:term":[{"taxonomy":"category","embeddable":true,"href":"https:\/\/giurgiu-net.ro\/index.php\/wp-json\/wp\/v2\/categories?post=54246"},{"taxonomy":"post_tag","embeddable":true,"href":"https:\/\/giurgiu-net.ro\/index.php\/wp-json\/wp\/v2\/tags?post=54246"}],"curies":[{"name":"wp","href":"https:\/\/api.w.org\/{rel}","templated":true}]}}