{"id":54243,"date":"2017-08-30T10:03:42","date_gmt":"2017-08-30T07:03:42","guid":{"rendered":"http:\/\/giurgiu-net.ro\/?p=54243"},"modified":"2017-08-30T10:03:42","modified_gmt":"2017-08-30T07:03:42","slug":"24-de-proiecte-de-hotarare-pe-ordinea-de-zi-a-sedintei-de-joi-la-judet-ce-vor-vota-consilierii-giurgiuveni","status":"publish","type":"post","link":"https:\/\/giurgiu-net.ro\/index.php\/2017\/08\/30\/24-de-proiecte-de-hotarare-pe-ordinea-de-zi-a-sedintei-de-joi-la-judet-ce-vor-vota-consilierii-giurgiuveni\/","title":{"rendered":"24 de proiecte de hot\u0103r\u00e2re, pe ordinea de zi a \u015fedin\u0163ei de joi, la jude\u0163. Ce vor vota consilierii giurgiuveni?"},"content":{"rendered":"<p><!--more--><\/p>\n<p>Pe ordinea de zi a \u015fedin\u0163ei extraordinare de joi, 31 august, sunt 24 de proiecte, mai multe referindu-se la\u00a0aprobarea<em> actualiz\u0103rii Devizului general dup\u0103 \u00eencheierea contractelor de achizi\u021bie public\u0103, cu cota de T.V.A. de 19 % pentru lucr\u0103rile rest de executat, actualiz\u0103rii\u00a0 principalilor indicatori tehnico \u2013 economici, precum \u0219i aprobarea cheltuielilor de cofinan\u021bare de la bugetul local pentru obiectivele de investi\u021bii<\/em>:<\/p>\n<p>&#8211; \u201c<em>Reabilitare \u0219i modernizare DJ 611, Roata de Jos \u2013 Sadina \u2013\u00a0 Cartojani \u2013 Limit\u0103 jude\u0163.Teleorman, km 0+000 \u2013 3+380, km 5+000 \u2013 6+800,\u00a0 5,180 km\u201d<\/em><\/p>\n<p><em>&#8211;<\/em>\u201c<em>Modernizare DJ 412 D Buc\u0219ani (DN 61) &#8211; Malu Spart (DJ 601),km 0+000 &#8211; 7+820, 7,820 km<\/em>\u201d<\/p>\n<p>-\u201c<em>Modernizare DJ 601 D Letca Veche \u2013 Limit\u0103 jude\u021b Teleorman,\u00a0 km 7+127 \u2013 9+187, 2,060 km<\/em>\u201d<\/p>\n<p><strong>&#8222;Consilierii jude\u0163eni vor dezbate \u015fi vota dou\u0103 proiecte de hot\u0103r\u00e2re <\/strong>privind aprobarea documenta\u0163iei tehnico \u2013 economice pentru \u201eCentru de zi pentru persoane v\u00e2rstnice R\u0103suceni\u201d, \u00een faza Documenta\u0163ie de avizare a lucr\u0103rilor de interven\u0163ii, respectiv Centru de zi pentru persoane v\u00e2rstnice B\u0103neasa\u201d,\u00a0 \u00een faza Studiu de fezabilitate, dar \u015fi proiectele aferente acestora.<\/p>\n<p><strong>Pe ordinea de zi a \u015fedin\u0163ei de m\u00e2ine este \u015fi un proiect de hot\u0103r\u00e2re<\/strong> privind aprobarea atribuirii unor trasee de transport din cadrul Programului Jude\u0163ean de Transport Persoane societ\u0103\u0163ilor: S.C. BUGEAG COMIMPEX S.R.L \u00a0\u015fi S.C.\u00a0 FRANCISCA S.R.L.<\/p>\n<p>Consilierii jude\u0163eni vor vota \u015fi p<strong>roiectul de hot\u0103r\u00e2re <\/strong>privind aprobarea asocierii jude\u0163ului Giurgiu cu M\u0103n\u0103stirea Comana \u00een vederea realiz\u0103rii\u00a0 proiectului \u201eCentrul socio-cultural Radu Serban Voievod, dar sunt \u015fi mai multe proiecte privind aprobarea regulamentului de organizare \u015fi func\u0163ionare a unor servicii din subordinea CJ Giurgiu.<\/p>\n<p>De asemenea, dou\u0103 proiecte se refer\u0103 la atribuirea unor spa\u0163ii Serviciului de Ambulan\u0163\u0103 \u015fi Direc\u0163iei de Asisten\u0163\u0103 Social\u0103, iar un altul vizeaz\u0103 aprobarea ader\u0103rii comunei Ogrezeni din jude\u021bul Giurgiu la Asocia\u0163ia de Dezvoltare Intercomunitar\u0103 \u201eIluminat Public Eficient\u201d<\/p>\n<p>Consilierii jude\u0163eni giurgiuveni vor decide m\u00e2ine \u015fi dac\u0103 va fi desfiin\u0163at\u0103 Direc\u0163ia Jude\u0163ean\u0103 de Dezvoltare Rural\u0103 \u015fi Protec\u0163ia Mediului Giurgiu.<\/p>\n<p>Sursa: pagina de Facebook a CJ Giurgiu<\/p>\n","protected":false},"excerpt":{"rendered":"","protected":false},"author":1,"featured_media":54244,"comment_status":"open","ping_status":"open","sticky":false,"template":"","format":"standard","meta":{"slim_seo":{"title":"24 de proiecte de hot\u0103r\u00e2re, pe ordinea de zi a \u015fedin\u0163ei de joi, la jude\u0163. Ce vor vota consilierii giurgiuveni? - GIURGIU NET","description":"Pe ordinea de zi a \u015fedin\u0163ei extraordinare de joi, 31 august, sunt 24 de proiecte, mai multe referindu-se la\u00a0aprobarea actualiz\u0103rii Devizului general dup\u0103 \u00eenchei"},"footnotes":""},"categories":[18,19],"tags":[2438],"class_list":{"0":"post-54243","1":"post","2":"type-post","3":"status-publish","4":"format-standard","5":"has-post-thumbnail","7":"category-actual","8":"category-adm","9":"tag-sedinta-cj-giurgiu"},"_links":{"self":[{"href":"https:\/\/giurgiu-net.ro\/index.php\/wp-json\/wp\/v2\/posts\/54243","targetHints":{"allow":["GET"]}}],"collection":[{"href":"https:\/\/giurgiu-net.ro\/index.php\/wp-json\/wp\/v2\/posts"}],"about":[{"href":"https:\/\/giurgiu-net.ro\/index.php\/wp-json\/wp\/v2\/types\/post"}],"author":[{"embeddable":true,"href":"https:\/\/giurgiu-net.ro\/index.php\/wp-json\/wp\/v2\/users\/1"}],"replies":[{"embeddable":true,"href":"https:\/\/giurgiu-net.ro\/index.php\/wp-json\/wp\/v2\/comments?post=54243"}],"version-history":[{"count":0,"href":"https:\/\/giurgiu-net.ro\/index.php\/wp-json\/wp\/v2\/posts\/54243\/revisions"}],"wp:featuredmedia":[{"embeddable":true,"href":"https:\/\/giurgiu-net.ro\/index.php\/wp-json\/"}],"wp:attachment":[{"href":"https:\/\/giurgiu-net.ro\/index.php\/wp-json\/wp\/v2\/media?parent=54243"}],"wp:term":[{"taxonomy":"category","embeddable":true,"href":"https:\/\/giurgiu-net.ro\/index.php\/wp-json\/wp\/v2\/categories?post=54243"},{"taxonomy":"post_tag","embeddable":true,"href":"https:\/\/giurgiu-net.ro\/index.php\/wp-json\/wp\/v2\/tags?post=54243"}],"curies":[{"name":"wp","href":"https:\/\/api.w.org\/{rel}","templated":true}]}}