{"id":53908,"date":"2017-08-16T16:49:38","date_gmt":"2017-08-16T13:49:38","guid":{"rendered":"http:\/\/giurgiu-net.ro\/?p=53908"},"modified":"2017-08-16T16:49:38","modified_gmt":"2017-08-16T13:49:38","slug":"dgaspc-giurgiu-tabere-la-munte-si-la-mare-pentru-zeci-de-copii","status":"publish","type":"post","link":"https:\/\/giurgiu-net.ro\/index.php\/2017\/08\/16\/dgaspc-giurgiu-tabere-la-munte-si-la-mare-pentru-zeci-de-copii\/","title":{"rendered":"DGASPC Giurgiu: Tabere la munte \u015fi la mare pentru zeci de copii"},"content":{"rendered":"<p><span style=\"font-weight: 400;\">&#8222;40 de copii afla\u0163i \u00een eviden\u0163a \u00a0Direc\u0163iei Generale de Asisten\u0163\u0103 Social\u0103 \u015fi Protec\u0163ia Copilului Giurgiu au plecat \u00een tabere la munte \u015fi la mare. <\/span><!--more--><\/p>\n<p><span style=\"font-weight: 400;\">Astfel, 14 copii beneficiari de m\u0103sur\u0103 de protec\u0163ie special\u0103-plasament la casele de tip familial \u201eAnsaloni\u201d,, \u201eSf. Ioan\u201d \u015fi \u00a0\u201eDun\u0103rii\u201d au plecat \u00een \u00a0tab\u0103ra social\u0103 organizat\u0103 la Centrul de Agrement -Vila<\/span><i><span style=\"font-weight: 400;\"> Casa Elevilor<\/span><\/i><span style=\"font-weight: 400;\"> din Sinaia, organizat\u0103 \u00een <\/span><i><span style=\"font-weight: 400;\">\u00a0<\/span><\/i><span style=\"font-weight: 400;\">perioada \u00a014-19 august<\/span><i><span style=\"font-weight: 400;\"> \u00a0<\/span><\/i><span style=\"font-weight: 400;\">2017<\/span> <span style=\"font-weight: 400;\">de Ministerul Tineretului \u015fi Sportului, \u00a0prin \u00a0Direc\u0163ia Jude\u0163ean\u0103 pentru Sport \u015fi Tineret Giurgiu.<\/span><\/p>\n<p><span style=\"font-weight: 400;\">Al\u0163i \u00a016 copii \u00a0beneficiari de m\u0103sur\u0103 de protec\u0163ie special\u0103 la \u00a0Centrul de Primire \u00een Regim de Urgen\u0163\u0103 \u015fi la Casa de tip familial \u201cSoarele\u201d \u00a0au plecat la mare, \u00eentr-o tab\u0103r\u0103 organizat\u0103 la N\u0103vodari \u00a0\u00een perioada \u00a016-22 august 2017. Plecarea copiilor \u00een aceast\u0103 tab\u0103r\u0103 a fost \u00a0posibil\u0103 datorit\u0103 sprijinului oferit de Asocia\u0163ia \u00a0<\/span><i><span style=\"font-weight: 400;\">SOS Vie\u0163ile Copiilor<\/span><\/i><span style=\"font-weight: 400;\">. <\/span><\/p>\n<p><span style=\"font-weight: 400;\"> \u00a0\u00a0\u00a0\u00a0<\/span> <span style=\"font-weight: 400;\"> Cei 40 de copii, av\u00e2nd \u00a0v\u00e2rste cuprinse \u00eentre 4 \u015fi 16 ani, vor beneficia gratuit de cazare, mas\u0103, activit\u0103\u0163i educative, recreative \u015fi de divertisment \u00een aceste tabere, \u00a0transportul fiind de asemenea gratuit. <\/span><\/p>\n<p><span style=\"font-weight: 400;\">\u201e <\/span><i><span style=\"font-weight: 400;\">Mul\u0163umim Direc\u0163iei Jude\u0163ene pentru Sport \u015fi Tineret Giurgiu \u015fi Asocia\u0163iei SOS Vie\u0163ile Copiilor pentru sprijinul oferit copiilor din sistemul de protec\u0163ie special\u0103. Prin plecarea \u00een aceste tabere, copiii \u00a0au \u00a0oportunit\u0103\u0163i de recreere \u015fi socializare, care contribuie la dezvoltarea fizic\u0103, cognitiv\u0103, social\u0103 \u015fi emo\u0163ional\u0103 a acestora\u201d<\/span><\/i><span style=\"font-weight: 400;\">, \u00a0a declarat \u00a0Sorina Mirela Neac\u015fu, director general al \u00a0D.G.A.S.P.C. Giurgiu.<\/span><\/p>\n<p>&nbsp;<\/p>\n<p><span style=\"font-weight: 400;\"> \u00a0\u00a0<\/span> <span style=\"font-weight: 400;\"> \u00a0\u00a0\u00a0\u00a0\u00a0\u00a0\u00a0\u00a0\u00a0\u00a0\u00a0\u00a0\u00a0\u00a0\u00a0\u00a0\u00a0\u00a0\u00a0\u00a0\u00a0\u00a0\u00a0\u00a0\u00a0\u00a0\u00a0\u00a0\u00a0\u00a0\u00a0\u00a0\u00a0\u00a0\u00a0\u00a0\u00a0\u00a0\u00a0\u00a0\u00a0\u00a0\u00a0\u00a0\u00a0\u00a0\u00a0\u00a0\u00a0\u00a0\u00a0\u00a0\u00a0\u00a0\u00a0\u00a0\u00a0\u00a0\u00a0\u00a0\u00a0\u00a0\u00a0\u00a0\u00a0\u00a0\u00a0\u00a0\u00a0\u00a0\u00a0\u00a0\u00a0\u00a0\u00a0\u00a0\u00a0\u00a0\u00a0\u00a0\u00a0\u00a0\u00a0\u00a0\u00a0\u00a0\u00a0\u00a0\u00a0\u00a0<\/span><b>\u00a0\u00a0\u00a0\u00a0\u00a0\u00a0\u00a0\u00a0\u00a0\u00a0\u00a0\u00a0\u00a0\u00a0<\/b><\/p>\n<p><b> \u00a0\u00a0\u00a0\u00a0\u00a0\u00a0\u00a0\u00a0\u00a0\u00a0\u00a0\u00a0\u00a0\u00a0\u00a0\u00a0\u00a0\u00a0\u00a0\u00a0\u00a0\u00a0\u00a0\u00a0\u00a0\u00a0\u00a0\u00a0\u00a0\u00a0\u00a0\u00a0\u00a0\u00a0\u00a0\u00a0\u00a0\u00a0\u00a0\u00a0\u00a0\u00a0\u00a0\u00a0\u00a0\u00a0\u00a0\u00a0\u00a0\u00a0\u00a0\u00a0\u00a0\u00a0\u00a0\u00a0\u00a0\u00a0\u00a0\u00a0Denisa Cristescu<\/b><\/p>\n<p><b> \u00a0\u00a0\u00a0\u00a0\u00a0\u00a0\u00a0\u00a0\u00a0\u00a0\u00a0\u00a0\u00a0\u00a0\u00a0\u00a0\u00a0\u00a0\u00a0\u00a0\u00a0\u00a0\u00a0\u00a0\u00a0\u00a0\u00a0\u00a0\u00a0\u00a0\u00a0\u00a0\u00a0\u00a0consilier Compartimentul Rela\u0163ii cu mass-media<\/b><\/p>\n<p>&nbsp;<\/p>\n","protected":false},"excerpt":{"rendered":"<p>&#8222;40 de copii afla\u0163i \u00een eviden\u0163a \u00a0Direc\u0163iei Generale de Asisten\u0163\u0103 Social\u0103 \u015fi Protec\u0163ia Copilului Giurgiu au plecat \u00een tabere la munte \u015fi la mare.<\/p>\n","protected":false},"author":1,"featured_media":53909,"comment_status":"open","ping_status":"open","sticky":false,"template":"","format":"standard","meta":{"slim_seo":{"title":"DGASPC Giurgiu: Tabere la munte \u015fi la mare pentru zeci de copii - GIURGIU NET","description":"\"40 de copii afla\u0163i \u00een eviden\u0163a \u00a0Direc\u0163iei Generale de Asisten\u0163\u0103 Social\u0103 \u015fi Protec\u0163ia Copilului Giurgiu au plecat \u00een tabere la munte \u015fi la mare. Astfel, 14 copi"},"footnotes":""},"categories":[18,26],"tags":[892],"class_list":{"0":"post-53908","1":"post","2":"type-post","3":"status-publish","4":"format-standard","5":"has-post-thumbnail","7":"category-actual","8":"category-soc","9":"tag-dgaspc-giurgiu"},"_links":{"self":[{"href":"https:\/\/giurgiu-net.ro\/index.php\/wp-json\/wp\/v2\/posts\/53908","targetHints":{"allow":["GET"]}}],"collection":[{"href":"https:\/\/giurgiu-net.ro\/index.php\/wp-json\/wp\/v2\/posts"}],"about":[{"href":"https:\/\/giurgiu-net.ro\/index.php\/wp-json\/wp\/v2\/types\/post"}],"author":[{"embeddable":true,"href":"https:\/\/giurgiu-net.ro\/index.php\/wp-json\/wp\/v2\/users\/1"}],"replies":[{"embeddable":true,"href":"https:\/\/giurgiu-net.ro\/index.php\/wp-json\/wp\/v2\/comments?post=53908"}],"version-history":[{"count":0,"href":"https:\/\/giurgiu-net.ro\/index.php\/wp-json\/wp\/v2\/posts\/53908\/revisions"}],"wp:featuredmedia":[{"embeddable":true,"href":"https:\/\/giurgiu-net.ro\/index.php\/wp-json\/"}],"wp:attachment":[{"href":"https:\/\/giurgiu-net.ro\/index.php\/wp-json\/wp\/v2\/media?parent=53908"}],"wp:term":[{"taxonomy":"category","embeddable":true,"href":"https:\/\/giurgiu-net.ro\/index.php\/wp-json\/wp\/v2\/categories?post=53908"},{"taxonomy":"post_tag","embeddable":true,"href":"https:\/\/giurgiu-net.ro\/index.php\/wp-json\/wp\/v2\/tags?post=53908"}],"curies":[{"name":"wp","href":"https:\/\/api.w.org\/{rel}","templated":true}]}}