{"id":53904,"date":"2017-08-16T14:06:15","date_gmt":"2017-08-16T11:06:15","guid":{"rendered":"http:\/\/giurgiu-net.ro\/?p=53904"},"modified":"2017-08-16T14:06:15","modified_gmt":"2017-08-16T11:06:15","slug":"avram-iancu-vine-la-giurgiu-inotand-sa-l-primim-cum-se-cuvine","status":"publish","type":"post","link":"https:\/\/giurgiu-net.ro\/index.php\/2017\/08\/16\/avram-iancu-vine-la-giurgiu-inotand-sa-l-primim-cum-se-cuvine\/","title":{"rendered":"Avram Iancu vine la Giurgiu \u00eenot\u00e2nd. S\u0103-l primim a\u015fa cum se cuvine!"},"content":{"rendered":"<p><!--more-->Clubul nautic SAN GIORGIO organizeaz\u0103 primirea \u00een Giurgiu a lui Avram Iancu, rom\u00e2nul plecat \u00eenot de la izvoarele Dun\u0103rii c\u0103tre Marea Neagr\u0103, scriu reprezentan\u0163ii Clubului pe pagina lor de Facebook.<\/p>\n<p>&#8222;Evenimentul va a<span class=\"text_exposed_show\">vea loc la restaurantul LA PONTON, \u00een portul Giurgiu, iar data si ora vor fi anun\u0163ate in functie de traseul inotatorului. Pentru cei care nu stiu (inca) despre expeditia temerara a lui Avram Iancu, gasiti informatii aici :\u00a0<a href=\"https:\/\/www.facebook.com\/avramiancu\/?fref=ts\" target=\"_blank\" rel=\"noopener\" data-ft=\"{&quot;tn&quot;:&quot;-U&quot;}\">https:\/\/www.facebook.com\/avramiancu\/?fref=ts<\/a>\u00a0.<\/span><\/p>\n<div class=\"text_exposed_show\">\n<p>Parteneri :\u00a0<a class=\"profileLink\" href=\"https:\/\/www.facebook.com\/RestaurantLaPonton\/?fref=mentions\" data-hovercard=\"\/ajax\/hovercard\/page.php?id=181936091996128&amp;extragetparams=%7B%22fref%22%3A%22mentions%22%7D\" data-hovercard-prefer-more-content-show=\"1\">Restaurant La Ponton<\/a>\u00a0si\u00a0<a class=\"profileLink\" href=\"https:\/\/www.facebook.com\/Primaria-Municipiului-Giurgiu-112575278904036\/?fref=mentions\" data-hovercard=\"\/ajax\/hovercard\/page.php?id=112575278904036&amp;extragetparams=%7B%22fref%22%3A%22mentions%22%7D\" data-hovercard-prefer-more-content-show=\"1\">Primaria Municipiului Giurgiu<\/a><\/p>\n<p>Va asteptam sa primim cum se cuvine un roman adevarat!&#8221;, scriu giurgiuvenii de la San Giorgio pe Facebook.<\/p>\n<p>Surs\u0103 foto: Pagina de Facebook a sportivului Avram Iancu<\/p>\n<\/div>\n","protected":false},"excerpt":{"rendered":"","protected":false},"author":1,"featured_media":53905,"comment_status":"open","ping_status":"open","sticky":false,"template":"","format":"standard","meta":{"slim_seo":{"title":"Avram Iancu vine la Giurgiu \u00eenot\u00e2nd. S\u0103-l primim a\u015fa cum se cuvine! - GIURGIU NET","description":"Clubul nautic SAN GIORGIO organizeaz\u0103 primirea \u00een Giurgiu a lui Avram Iancu, rom\u00e2nul plecat \u00eenot de la izvoarele Dun\u0103rii c\u0103tre Marea Neagr\u0103, scriu reprezentan\u0163i"},"footnotes":""},"categories":[18,26],"tags":[308,2384],"class_list":{"0":"post-53904","1":"post","2":"type-post","3":"status-publish","4":"format-standard","5":"has-post-thumbnail","7":"category-actual","8":"category-soc","9":"tag-avram-iancu","10":"tag-san-giorgio"},"_links":{"self":[{"href":"https:\/\/giurgiu-net.ro\/index.php\/wp-json\/wp\/v2\/posts\/53904","targetHints":{"allow":["GET"]}}],"collection":[{"href":"https:\/\/giurgiu-net.ro\/index.php\/wp-json\/wp\/v2\/posts"}],"about":[{"href":"https:\/\/giurgiu-net.ro\/index.php\/wp-json\/wp\/v2\/types\/post"}],"author":[{"embeddable":true,"href":"https:\/\/giurgiu-net.ro\/index.php\/wp-json\/wp\/v2\/users\/1"}],"replies":[{"embeddable":true,"href":"https:\/\/giurgiu-net.ro\/index.php\/wp-json\/wp\/v2\/comments?post=53904"}],"version-history":[{"count":0,"href":"https:\/\/giurgiu-net.ro\/index.php\/wp-json\/wp\/v2\/posts\/53904\/revisions"}],"wp:featuredmedia":[{"embeddable":true,"href":"https:\/\/giurgiu-net.ro\/index.php\/wp-json\/"}],"wp:attachment":[{"href":"https:\/\/giurgiu-net.ro\/index.php\/wp-json\/wp\/v2\/media?parent=53904"}],"wp:term":[{"taxonomy":"category","embeddable":true,"href":"https:\/\/giurgiu-net.ro\/index.php\/wp-json\/wp\/v2\/categories?post=53904"},{"taxonomy":"post_tag","embeddable":true,"href":"https:\/\/giurgiu-net.ro\/index.php\/wp-json\/wp\/v2\/tags?post=53904"}],"curies":[{"name":"wp","href":"https:\/\/api.w.org\/{rel}","templated":true}]}}