{"id":53731,"date":"2017-07-31T13:00:45","date_gmt":"2017-07-31T10:00:45","guid":{"rendered":"http:\/\/giurgiu-net.ro\/?p=53731"},"modified":"2017-07-31T13:00:45","modified_gmt":"2017-07-31T10:00:45","slug":"foto-ce-camin-cultural-modern-avem-la-comana","status":"publish","type":"post","link":"https:\/\/giurgiu-net.ro\/index.php\/2017\/07\/31\/foto-ce-camin-cultural-modern-avem-la-comana\/","title":{"rendered":"FOTO: Ce c\u0103min cultural modern avem la Comana!"},"content":{"rendered":"<p>Primarul Aurel Enache a postat, recent, pe pagina sa de Facebook, mai multe fotografii realizate \u00een interiorul C\u0103minului Cultural din localitate.<!--more--><\/p>\n<p><img loading=\"lazy\" decoding=\"async\" class=\"aligncenter size-full wp-image-53732\" src=\"https:\/\/giurgiu-net.ro\/wp-content\/uploads\/2017\/07\/comana-1.jpg\" alt=\"\" width=\"240\" height=\"258\" \/> <img loading=\"lazy\" decoding=\"async\" class=\"aligncenter size-full wp-image-53733\" src=\"https:\/\/giurgiu-net.ro\/wp-content\/uploads\/2017\/07\/comana-2.jpg\" alt=\"\" width=\"713\" height=\"737\" \/> <img loading=\"lazy\" decoding=\"async\" class=\"aligncenter size-full wp-image-53734\" src=\"https:\/\/giurgiu-net.ro\/wp-content\/uploads\/2017\/07\/comana-3.jpg\" alt=\"\" width=\"960\" height=\"720\" \/> <img loading=\"lazy\" decoding=\"async\" class=\"aligncenter size-full wp-image-53735\" src=\"https:\/\/giurgiu-net.ro\/wp-content\/uploads\/2017\/07\/comana-4.jpg\" alt=\"\" width=\"960\" height=\"720\" \/> <img loading=\"lazy\" decoding=\"async\" class=\"aligncenter size-full wp-image-53736\" src=\"https:\/\/giurgiu-net.ro\/wp-content\/uploads\/2017\/07\/comana-5.jpg\" alt=\"\" width=\"654\" height=\"868\" \/> <img loading=\"lazy\" decoding=\"async\" class=\"aligncenter size-full wp-image-53737\" src=\"https:\/\/giurgiu-net.ro\/wp-content\/uploads\/2017\/07\/comana-6.jpg\" alt=\"\" width=\"720\" height=\"960\" \/><\/p>\n<p>De asemenea, Enache a scris \u015fi un mesaj ce \u00eenso\u0163e\u015fte fotografiile:<\/p>\n<p><em>\u201ePrim\u0103ria comunei Comana a reamenajat, dotat \u015fi modernizat C\u0103minul Cultural din satul Comana. Sala va g\u0103zdui spectacole, serb\u0103ri \u015fcolare \u015fi alte asemenea evenimente. C\u0103minul Cultural astfel reamenajat \u015fi modernizat va fi un cadru pl\u0103cut pentru tinerii care vor s\u0103 \u00ee\u015fi oficializeze rela\u0163ia \u00een fa\u0163a ofi\u0163erului de stare civil\u0103. V\u0103 a\u015ftept\u0103m cu drag!<\/em>\u201d, a scris Aurel Enache, pe Facebook.<\/p>\n<p>&nbsp;<\/p>\n","protected":false},"excerpt":{"rendered":"<p>Primarul Aurel Enache a postat, recent, pe pagina sa de Facebook, mai multe fotografii realizate \u00een interiorul C\u0103minului Cultural din localitate.<\/p>\n","protected":false},"author":1,"featured_media":53733,"comment_status":"open","ping_status":"open","sticky":false,"template":"","format":"standard","meta":{"slim_seo":{"title":"FOTO: Ce c\u0103min cultural modern avem la Comana! - GIURGIU NET","description":"Primarul Aurel Enache a postat, recent, pe pagina sa de Facebook, mai multe fotografii realizate \u00een interiorul C\u0103minului Cultural din localitate. De asemenea, E"},"footnotes":""},"categories":[18,19,31],"tags":[293,668],"class_list":{"0":"post-53731","1":"post","2":"type-post","3":"status-publish","4":"format-standard","5":"has-post-thumbnail","7":"category-actual","8":"category-adm","9":"category-mon","10":"tag-aurel-enache","11":"tag-comana"},"_links":{"self":[{"href":"https:\/\/giurgiu-net.ro\/index.php\/wp-json\/wp\/v2\/posts\/53731","targetHints":{"allow":["GET"]}}],"collection":[{"href":"https:\/\/giurgiu-net.ro\/index.php\/wp-json\/wp\/v2\/posts"}],"about":[{"href":"https:\/\/giurgiu-net.ro\/index.php\/wp-json\/wp\/v2\/types\/post"}],"author":[{"embeddable":true,"href":"https:\/\/giurgiu-net.ro\/index.php\/wp-json\/wp\/v2\/users\/1"}],"replies":[{"embeddable":true,"href":"https:\/\/giurgiu-net.ro\/index.php\/wp-json\/wp\/v2\/comments?post=53731"}],"version-history":[{"count":0,"href":"https:\/\/giurgiu-net.ro\/index.php\/wp-json\/wp\/v2\/posts\/53731\/revisions"}],"wp:featuredmedia":[{"embeddable":true,"href":"https:\/\/giurgiu-net.ro\/index.php\/wp-json\/"}],"wp:attachment":[{"href":"https:\/\/giurgiu-net.ro\/index.php\/wp-json\/wp\/v2\/media?parent=53731"}],"wp:term":[{"taxonomy":"category","embeddable":true,"href":"https:\/\/giurgiu-net.ro\/index.php\/wp-json\/wp\/v2\/categories?post=53731"},{"taxonomy":"post_tag","embeddable":true,"href":"https:\/\/giurgiu-net.ro\/index.php\/wp-json\/wp\/v2\/tags?post=53731"}],"curies":[{"name":"wp","href":"https:\/\/api.w.org\/{rel}","templated":true}]}}