{"id":53658,"date":"2017-07-30T12:16:54","date_gmt":"2017-07-30T09:16:54","guid":{"rendered":"http:\/\/giurgiu-net.ro\/?p=53658"},"modified":"2017-07-30T12:16:54","modified_gmt":"2017-07-30T09:16:54","slug":"galierie-foto-mii-de-gulgute-au-luminat-parcul-alei-din-giurgiu-la-festivalul-luminii","status":"publish","type":"post","link":"https:\/\/giurgiu-net.ro\/index.php\/2017\/07\/30\/galierie-foto-mii-de-gulgute-au-luminat-parcul-alei-din-giurgiu-la-festivalul-luminii\/","title":{"rendered":"GALERIE FOTO: Mii de gulgu\u0163e au luminat Parcul Alei din Giurgiu, la Festivalul Luminii"},"content":{"rendered":"<p>Cerceta\u015fii Rom\u00e2niei, respectiv cei din Giurgiu au reu\u015fit, s\u00e2mb\u0103t\u0103, 29 iulie, s\u0103 trasforme Parcul Alei \u00eentr-un loc magic, plin cu energie pozitiv\u0103, dar mai ales cu oameni de toate v\u00e2rstele.<!--more--><\/p>\n<p>Copii, tineri, adul\u0163i \u015fi v\u00e2rstnici au mers asear\u0103 \u00een Alei ca s\u0103 vad\u0103 cele c\u00e2teva mii de &#8222;gulgu\u0163e&#8221;- cutiu\u0163e din h\u00e2rtie \u00een care sunt a\u015fezate lum\u00e2n\u0103ri- amplasate de Cerceta\u015fi pe marginea tuturor aleilor din parc, dar \u015fi, pe ici pe colo, \u00een &#8222;\u015firaguri&#8221; ag\u0103\u0163ate de copaci.<\/p>\n<p>Aceasta, \u00een cadrul unui eveniment special denumit &#8222;Festivalul Luminii&#8221;, ajuns la nivel na\u0163ional la cea de-a XIII-a edi\u0163ie.<\/p>\n<p><img loading=\"lazy\" decoding=\"async\" class=\"aligncenter size-full wp-image-53659\" src=\"https:\/\/giurgiu-net.ro\/wp-content\/uploads\/2017\/07\/DSC_0142.jpg\" alt=\"\" width=\"800\" height=\"530\" \/> <img loading=\"lazy\" decoding=\"async\" class=\"aligncenter size-full wp-image-53660\" src=\"https:\/\/giurgiu-net.ro\/wp-content\/uploads\/2017\/07\/DSC_0140.jpg\" alt=\"\" width=\"800\" height=\"530\" \/> <img loading=\"lazy\" decoding=\"async\" class=\"aligncenter size-full wp-image-53661\" src=\"https:\/\/giurgiu-net.ro\/wp-content\/uploads\/2017\/07\/DSC_0138.jpg\" alt=\"\" width=\"800\" height=\"530\" \/> <img loading=\"lazy\" decoding=\"async\" class=\"aligncenter size-full wp-image-53662\" src=\"https:\/\/giurgiu-net.ro\/wp-content\/uploads\/2017\/07\/DSC_0136.jpg\" alt=\"\" width=\"800\" height=\"530\" \/> <img loading=\"lazy\" decoding=\"async\" class=\"aligncenter size-full wp-image-53663\" src=\"https:\/\/giurgiu-net.ro\/wp-content\/uploads\/2017\/07\/DSC_0116.jpg\" alt=\"\" width=\"800\" height=\"530\" \/> <img loading=\"lazy\" decoding=\"async\" class=\"aligncenter size-full wp-image-53664\" src=\"https:\/\/giurgiu-net.ro\/wp-content\/uploads\/2017\/07\/DSC_0115.jpg\" alt=\"\" width=\"800\" height=\"530\" \/> <img loading=\"lazy\" decoding=\"async\" class=\"aligncenter size-full wp-image-53665\" src=\"https:\/\/giurgiu-net.ro\/wp-content\/uploads\/2017\/07\/DSC_0113.jpg\" alt=\"\" width=\"800\" height=\"530\" \/> <img loading=\"lazy\" decoding=\"async\" class=\"aligncenter size-full wp-image-53666\" src=\"https:\/\/giurgiu-net.ro\/wp-content\/uploads\/2017\/07\/DSC_0112.jpg\" alt=\"\" width=\"800\" height=\"530\" \/> <img loading=\"lazy\" decoding=\"async\" class=\"aligncenter size-full wp-image-53667\" src=\"https:\/\/giurgiu-net.ro\/wp-content\/uploads\/2017\/07\/DSC_0111.jpg\" alt=\"\" width=\"800\" height=\"530\" \/> <img loading=\"lazy\" decoding=\"async\" class=\"aligncenter size-full wp-image-53668\" src=\"https:\/\/giurgiu-net.ro\/wp-content\/uploads\/2017\/07\/DSC_0110.jpg\" alt=\"\" width=\"800\" height=\"530\" \/> <img loading=\"lazy\" decoding=\"async\" class=\"aligncenter size-full wp-image-53669\" src=\"https:\/\/giurgiu-net.ro\/wp-content\/uploads\/2017\/07\/DSC_0108.jpg\" alt=\"\" width=\"800\" height=\"194\" \/><\/p>\n<p><em>De asemenea, Cerceta\u015fii i-au provocat pe giurgiuveni s\u0103 se joace, s\u0103 spun\u0103 &#8222;de ce sunt ferici\u0163i&#8221; \u015fi le-au ar\u0103tat, prin fotografii, ce presupune activitatea lor.<\/em><\/p>\n<p><img loading=\"lazy\" decoding=\"async\" class=\"aligncenter size-full wp-image-53670\" src=\"https:\/\/giurgiu-net.ro\/wp-content\/uploads\/2017\/07\/DSC_0137.jpg\" alt=\"\" width=\"800\" height=\"530\" \/> <img loading=\"lazy\" decoding=\"async\" class=\"aligncenter size-full wp-image-53671\" src=\"https:\/\/giurgiu-net.ro\/wp-content\/uploads\/2017\/07\/DSC_0135.jpg\" alt=\"\" width=\"800\" height=\"530\" \/> <img loading=\"lazy\" decoding=\"async\" class=\"aligncenter size-full wp-image-53672\" src=\"https:\/\/giurgiu-net.ro\/wp-content\/uploads\/2017\/07\/DSC_0134.jpg\" alt=\"\" width=\"800\" height=\"530\" \/> <img loading=\"lazy\" decoding=\"async\" class=\"aligncenter size-full wp-image-53673\" src=\"https:\/\/giurgiu-net.ro\/wp-content\/uploads\/2017\/07\/DSC_0133.jpg\" alt=\"\" width=\"800\" height=\"530\" \/> <img loading=\"lazy\" decoding=\"async\" class=\"aligncenter size-full wp-image-53674\" src=\"https:\/\/giurgiu-net.ro\/wp-content\/uploads\/2017\/07\/DSC_0130.jpg\" alt=\"\" width=\"800\" height=\"530\" \/> <img loading=\"lazy\" decoding=\"async\" class=\"aligncenter size-full wp-image-53675\" src=\"https:\/\/giurgiu-net.ro\/wp-content\/uploads\/2017\/07\/DSC_0129.jpg\" alt=\"\" width=\"800\" height=\"530\" \/> <img loading=\"lazy\" decoding=\"async\" class=\"aligncenter size-full wp-image-53676\" src=\"https:\/\/giurgiu-net.ro\/wp-content\/uploads\/2017\/07\/DSC_0128.jpg\" alt=\"\" width=\"800\" height=\"530\" \/> <img loading=\"lazy\" decoding=\"async\" class=\"aligncenter size-full wp-image-53677\" src=\"https:\/\/giurgiu-net.ro\/wp-content\/uploads\/2017\/07\/DSC_0127.jpg\" alt=\"\" width=\"800\" height=\"530\" \/> <img loading=\"lazy\" decoding=\"async\" class=\"aligncenter size-full wp-image-53678\" src=\"https:\/\/giurgiu-net.ro\/wp-content\/uploads\/2017\/07\/DSC_0126.jpg\" alt=\"\" width=\"800\" height=\"680\" \/> <img loading=\"lazy\" decoding=\"async\" class=\"aligncenter size-full wp-image-53679\" src=\"https:\/\/giurgiu-net.ro\/wp-content\/uploads\/2017\/07\/DSC_0125.jpg\" alt=\"\" width=\"607\" height=\"800\" \/> <img loading=\"lazy\" decoding=\"async\" class=\"aligncenter size-full wp-image-53680\" src=\"https:\/\/giurgiu-net.ro\/wp-content\/uploads\/2017\/07\/DSC_0124.jpg\" alt=\"\" width=\"800\" height=\"530\" \/> <img loading=\"lazy\" decoding=\"async\" class=\"aligncenter size-full wp-image-53681\" src=\"https:\/\/giurgiu-net.ro\/wp-content\/uploads\/2017\/07\/DSC_0123.jpg\" alt=\"\" width=\"800\" height=\"530\" \/> <img loading=\"lazy\" decoding=\"async\" class=\"aligncenter size-full wp-image-53682\" src=\"https:\/\/giurgiu-net.ro\/wp-content\/uploads\/2017\/07\/DSC_0122.jpg\" alt=\"\" width=\"800\" height=\"530\" \/> <img loading=\"lazy\" decoding=\"async\" class=\"aligncenter size-full wp-image-53683\" src=\"https:\/\/giurgiu-net.ro\/wp-content\/uploads\/2017\/07\/DSC_0121.jpg\" alt=\"\" width=\"800\" height=\"530\" \/> <img loading=\"lazy\" decoding=\"async\" class=\"aligncenter size-full wp-image-53684\" src=\"https:\/\/giurgiu-net.ro\/wp-content\/uploads\/2017\/07\/DSC_0120.jpg\" alt=\"\" width=\"800\" height=\"530\" \/> <img loading=\"lazy\" decoding=\"async\" class=\"aligncenter size-full wp-image-53685\" src=\"https:\/\/giurgiu-net.ro\/wp-content\/uploads\/2017\/07\/DSC_0119.jpg\" alt=\"\" width=\"800\" height=\"530\" \/> <img loading=\"lazy\" decoding=\"async\" class=\"aligncenter size-full wp-image-53686\" src=\"https:\/\/giurgiu-net.ro\/wp-content\/uploads\/2017\/07\/DSC_0118.jpg\" alt=\"\" width=\"800\" height=\"530\" \/> <img loading=\"lazy\" decoding=\"async\" class=\"aligncenter size-full wp-image-53687\" src=\"https:\/\/giurgiu-net.ro\/wp-content\/uploads\/2017\/07\/DSC_0117.jpg\" alt=\"\" width=\"800\" height=\"400\" \/><\/p>\n<p><em>Dup\u0103 l\u0103sarea serii, toate lum\u00e2n\u0103rile din gulgu\u0163e au fost aprinse.<\/em><\/p>\n<p><img loading=\"lazy\" decoding=\"async\" class=\"aligncenter size-full wp-image-53688\" src=\"https:\/\/giurgiu-net.ro\/wp-content\/uploads\/2017\/07\/DSC_0166.jpg\" alt=\"\" width=\"800\" height=\"530\" \/> <img loading=\"lazy\" decoding=\"async\" class=\"aligncenter size-full wp-image-53689\" src=\"https:\/\/giurgiu-net.ro\/wp-content\/uploads\/2017\/07\/DSC_0165.jpg\" alt=\"\" width=\"800\" height=\"530\" \/> <img loading=\"lazy\" decoding=\"async\" class=\"aligncenter size-full wp-image-53690\" src=\"https:\/\/giurgiu-net.ro\/wp-content\/uploads\/2017\/07\/DSC_0162.jpg\" alt=\"\" width=\"800\" height=\"530\" \/> <img loading=\"lazy\" decoding=\"async\" class=\"aligncenter size-full wp-image-53691\" src=\"https:\/\/giurgiu-net.ro\/wp-content\/uploads\/2017\/07\/DSC_0161.jpg\" alt=\"\" width=\"800\" height=\"530\" \/> <img loading=\"lazy\" decoding=\"async\" class=\"aligncenter size-full wp-image-53692\" src=\"https:\/\/giurgiu-net.ro\/wp-content\/uploads\/2017\/07\/DSC_0157.jpg\" alt=\"\" width=\"800\" height=\"530\" \/> <img loading=\"lazy\" decoding=\"async\" class=\"aligncenter size-full wp-image-53693\" src=\"https:\/\/giurgiu-net.ro\/wp-content\/uploads\/2017\/07\/DSC_0153.jpg\" alt=\"\" width=\"800\" height=\"530\" \/> <img loading=\"lazy\" decoding=\"async\" class=\"aligncenter size-full wp-image-53694\" src=\"https:\/\/giurgiu-net.ro\/wp-content\/uploads\/2017\/07\/DSC_0152.jpg\" alt=\"\" width=\"800\" height=\"530\" \/> <img loading=\"lazy\" decoding=\"async\" class=\"aligncenter size-full wp-image-53695\" src=\"https:\/\/giurgiu-net.ro\/wp-content\/uploads\/2017\/07\/DSC_0149.jpg\" alt=\"\" width=\"800\" height=\"530\" \/><\/p>\n<p>Festivalul Luminii este un prilej de relaxare \u0219i de bucurie, iar pentru cerceta\u0219i este o bun\u0103 ocazie de a se dezvolta.<\/p>\n<p>Text \u015fi foto: C\u0103t\u0103lina Sfetcu<\/p>\n","protected":false},"excerpt":{"rendered":"<p>Cerceta\u015fii Rom\u00e2niei, respectiv cei din Giurgiu au reu\u015fit, s\u00e2mb\u0103t\u0103, 29 iulie, s\u0103 trasforme Parcul Alei \u00eentr-un loc magic, plin cu energie pozitiv\u0103, dar mai ales cu oameni de toate v\u00e2rstele.<\/p>\n","protected":false},"author":1,"featured_media":53696,"comment_status":"open","ping_status":"open","sticky":false,"template":"","format":"standard","meta":{"slim_seo":{"title":"GALERIE FOTO: Mii de gulgu\u0163e au luminat Parcul Alei din Giurgiu, la Festivalul Luminii - GIURGIU NET","description":"Cerceta\u015fii Rom\u00e2niei, respectiv cei din Giurgiu au reu\u015fit, s\u00e2mb\u0103t\u0103, 29 iulie, s\u0103 trasforme Parcul Alei \u00eentr-un loc magic, plin cu energie pozitiv\u0103, dar mai ales"},"footnotes":""},"categories":[18,29,26],"tags":[1107],"class_list":{"0":"post-53658","1":"post","2":"type-post","3":"status-publish","4":"format-standard","5":"has-post-thumbnail","7":"category-actual","8":"category-educatie-si-cultura","9":"category-soc","10":"tag-festivalul-luminii"},"_links":{"self":[{"href":"https:\/\/giurgiu-net.ro\/index.php\/wp-json\/wp\/v2\/posts\/53658","targetHints":{"allow":["GET"]}}],"collection":[{"href":"https:\/\/giurgiu-net.ro\/index.php\/wp-json\/wp\/v2\/posts"}],"about":[{"href":"https:\/\/giurgiu-net.ro\/index.php\/wp-json\/wp\/v2\/types\/post"}],"author":[{"embeddable":true,"href":"https:\/\/giurgiu-net.ro\/index.php\/wp-json\/wp\/v2\/users\/1"}],"replies":[{"embeddable":true,"href":"https:\/\/giurgiu-net.ro\/index.php\/wp-json\/wp\/v2\/comments?post=53658"}],"version-history":[{"count":0,"href":"https:\/\/giurgiu-net.ro\/index.php\/wp-json\/wp\/v2\/posts\/53658\/revisions"}],"wp:featuredmedia":[{"embeddable":true,"href":"https:\/\/giurgiu-net.ro\/index.php\/wp-json\/"}],"wp:attachment":[{"href":"https:\/\/giurgiu-net.ro\/index.php\/wp-json\/wp\/v2\/media?parent=53658"}],"wp:term":[{"taxonomy":"category","embeddable":true,"href":"https:\/\/giurgiu-net.ro\/index.php\/wp-json\/wp\/v2\/categories?post=53658"},{"taxonomy":"post_tag","embeddable":true,"href":"https:\/\/giurgiu-net.ro\/index.php\/wp-json\/wp\/v2\/tags?post=53658"}],"curies":[{"name":"wp","href":"https:\/\/api.w.org\/{rel}","templated":true}]}}