{"id":53655,"date":"2017-07-28T10:00:10","date_gmt":"2017-07-28T07:00:10","guid":{"rendered":"http:\/\/giurgiu-net.ro\/?p=53655"},"modified":"2017-07-28T10:00:10","modified_gmt":"2017-07-28T07:00:10","slug":"veste-buna-asistenti-personali-pentru-persoanele-cu-handicap-grav-sau-accentuat","status":"publish","type":"post","link":"https:\/\/giurgiu-net.ro\/index.php\/2017\/07\/28\/veste-buna-asistenti-personali-pentru-persoanele-cu-handicap-grav-sau-accentuat\/","title":{"rendered":"VESTE BUN\u0102: Asisten\u0163i personali pentru persoanele cu handicap grav sau accentuat"},"content":{"rendered":"<p>Prevenirea institu\u0163ionaliz\u0103rii, dar \u015fi dezinstitu\u0163ionalizarea persoanelor cu handicap. Acesta este principalul obiectiv al unei Hot\u0103r\u00e2ri de Guvern aprobate, ieri, 27 iulie, \u00een \u015fedin\u0163\u0103.<!--more--><\/p>\n<p>Astfel, actul normativ prevede ca persoanele cu handicap grav sau accentuat s\u0103 poat\u0103 beneficia de \u00eengrijire \u0219i la domiciliul din partea unui asistent personal profesionist.<\/p>\n<p>Acela\u015fi act normativ stabile\u0219te condi\u021biile de ob\u021binere a atestatului, procedurile de atestare \u0219i statutul asistentului personal profesionist \u0219i reprezint\u0103 un pas important \u00een promovarea alternativelor de tip familial la protec\u021bia institu\u021bionalizat\u0103 a persoanelor cu dizabilit\u0103\u021bi.<\/p>\n<p><em>\u201ePotrivit hot\u0103r\u00e2rii, asistentul personal profesionist este persoana fizic\u0103 atestat\u0103 care asigur\u0103, prin activitatea pe care o desf\u0103\u0219oar\u0103 la domiciliul s\u0103u, \u00eengrijirea \u0219i protec\u021bia adultului cu handicap grav sau accentuat.<\/em><\/p>\n<p><em>De asemenea, actul normativ reglementeaz\u0103 modalitatea prin care o persoan\u0103 adult\u0103 cu handicap grav sau accentuat poate beneficia de \u00eengrijire la asistent personal profesionist: persoana respectiv\u0103 sau reprezentantul legal al acestuia adreseaz\u0103 o cerere \u00een acest sens c\u0103tre serviciul public de asisten\u021b\u0103 social\u0103 din subordinea autorit\u0103\u021bii administra\u021biei publice locale \u00een a c\u0103rei raz\u0103 are domiciliul\/re\u0219edin\u021ba persoana cu handicap sau c\u0103tre un furnizor public\/privat de servicii sociale, acreditat \u00een condi\u021biile legii\u201d<\/em>, se arat\u0103 pe site-ul Guvernului Rom\u00e2niei.<\/p>\n<p>Conform aceleia\u015fi surse, adultul cu handicap grav sau accentuat, beneficiar de servicii \u00een centre reziden\u021biale pentru persoane cu handicap, adreseaz\u0103 cererea c\u0103tre conducerea institu\u021biei respective.<\/p>\n<p><em>Direc\u021bia General\u0103 de Asisten\u021b\u0103 Social\u0103 \u0219i Protec\u021bia Copilului poate acorda asistent personal profesionist pentru o persoan\u0103 adult\u0103 cu handicap grav sau accentuat, \u0219i din oficiu.<\/em><\/p>\n<p><em>Asistentul maternal care are \u00een plasament un copil cu handicap grav sau accentuat poate opta s\u0103 devin\u0103 asistent personal profesionist pentru copilul devenit t\u00e2n\u0103r.<\/em><\/p>\n<p>Citi\u0163i mai multe <a href=\"https:\/\/gov.ro\/ro\/guvernul\/sedinte-guvern\/masuri-pentru-prevenirea-institutionalizarii-i-dezinstitutionalizarea-adultilor-cu-handicap\" target=\"_blank\" rel=\"noopener\">AICI:\u00a0https:\/\/gov.ro\/ro\/guvernul\/sedinte-guvern\/masuri-pentru-prevenirea-institutionalizarii-i-dezinstitutionalizarea-adultilor-cu-handicap<\/a><\/p>\n","protected":false},"excerpt":{"rendered":"<p>Prevenirea institu\u0163ionaliz\u0103rii, dar \u015fi dezinstitu\u0163ionalizarea persoanelor cu handicap. Acesta este principalul obiectiv al unei Hot\u0103r\u00e2ri de Guvern aprobate, ieri, 27 iulie, \u00een \u015fedin\u0163\u0103.<\/p>\n","protected":false},"author":1,"featured_media":50621,"comment_status":"open","ping_status":"open","sticky":false,"template":"","format":"standard","meta":{"slim_seo":{"title":"VESTE BUN\u0102: Asisten\u0163i personali pentru persoanele cu handicap grav sau accentuat - GIURGIU NET","description":"Prevenirea institu\u0163ionaliz\u0103rii, dar \u015fi dezinstitu\u0163ionalizarea persoanelor cu handicap. Acesta este principalul obiectiv al unei Hot\u0103r\u00e2ri de Guvern aprobate, ier"},"footnotes":""},"categories":[18,26],"tags":[1298],"class_list":{"0":"post-53655","1":"post","2":"type-post","3":"status-publish","4":"format-standard","5":"has-post-thumbnail","7":"category-actual","8":"category-soc","9":"tag-handicap"},"_links":{"self":[{"href":"https:\/\/giurgiu-net.ro\/index.php\/wp-json\/wp\/v2\/posts\/53655","targetHints":{"allow":["GET"]}}],"collection":[{"href":"https:\/\/giurgiu-net.ro\/index.php\/wp-json\/wp\/v2\/posts"}],"about":[{"href":"https:\/\/giurgiu-net.ro\/index.php\/wp-json\/wp\/v2\/types\/post"}],"author":[{"embeddable":true,"href":"https:\/\/giurgiu-net.ro\/index.php\/wp-json\/wp\/v2\/users\/1"}],"replies":[{"embeddable":true,"href":"https:\/\/giurgiu-net.ro\/index.php\/wp-json\/wp\/v2\/comments?post=53655"}],"version-history":[{"count":0,"href":"https:\/\/giurgiu-net.ro\/index.php\/wp-json\/wp\/v2\/posts\/53655\/revisions"}],"wp:featuredmedia":[{"embeddable":true,"href":"https:\/\/giurgiu-net.ro\/index.php\/wp-json\/wp\/v2\/media\/50621"}],"wp:attachment":[{"href":"https:\/\/giurgiu-net.ro\/index.php\/wp-json\/wp\/v2\/media?parent=53655"}],"wp:term":[{"taxonomy":"category","embeddable":true,"href":"https:\/\/giurgiu-net.ro\/index.php\/wp-json\/wp\/v2\/categories?post=53655"},{"taxonomy":"post_tag","embeddable":true,"href":"https:\/\/giurgiu-net.ro\/index.php\/wp-json\/wp\/v2\/tags?post=53655"}],"curies":[{"name":"wp","href":"https:\/\/api.w.org\/{rel}","templated":true}]}}