{"id":53078,"date":"2017-06-14T13:34:38","date_gmt":"2017-06-14T10:34:38","guid":{"rendered":"http:\/\/giurgiu-net.ro\/?p=53078"},"modified":"2017-06-14T13:34:38","modified_gmt":"2017-06-14T10:34:38","slug":"un-vis-devenit-realitate-pentru-isu-giurgiu-consiliul-judetean-giurgiu-si-prefectura-ruse-au-mai-castigat-un-proiect","status":"publish","type":"post","link":"https:\/\/giurgiu-net.ro\/index.php\/2017\/06\/14\/un-vis-devenit-realitate-pentru-isu-giurgiu-consiliul-judetean-giurgiu-si-prefectura-ruse-au-mai-castigat-un-proiect\/","title":{"rendered":"Un vis devenit realitate pentru ISU Giurgiu. Consiliul Jude\u0163ean Giurgiu \u015fi Prefectura Ruse au mai c\u00e2\u015ftigat un proiect"},"content":{"rendered":"<p style=\"text-align: center;\"><em><strong>Au reu\u015fit, p\u00e2n\u0103 acum, s\u0103 implementeze patru mari proiecte europene pe domeniul situa\u0163iilor de urgen\u0163\u0103, au dotat ISU Giurgiu \u015fi Direc\u0163ia de Ap\u0103rare \u00eempotriva incendiilor Ruse cu echipamente mai mult dec\u00e2t necesare \u015fi au reu\u015fit, din nou, s\u0103 acceseze 5 milioane de euro. Consiliul Jude\u0163ean Giurgiu \u015fi Prefectura Ruse, prin echipele lor de proiecte, au c\u00e2\u015ftigat un nou proiect european, de aceast\u0103 dat\u0103, banii fiind folosi\u0163i, la Giurgiu, pentru crearea unei baze tehnico-materiale pentru cre\u015fterea vitezei de r\u0103spuns \u00een situa\u0163ii de urgen\u0163\u0103\u201d. <\/strong><\/em><!--more--><\/p>\n<p>Aceasta va cuprinde: garaj pentru autospeciale, sta\u0163ie ITP, atelier pentru \u00eentre\u0163inere \u015fi repara\u0163ii dotat corespunz\u0103tor, spa\u0163ii de simulare a condi\u0163iilor de interven\u0163ie pentru antrenamentul servan\u0163ilor \u015fi al paramedicilor, vestiare, grupuri sociale, spa\u0163ii administrative.<\/p>\n<p>Miercuri, 14 iunie, la CJ Giurgiu, a avut loc conferin\u0163a de lansare a proiectului denumit \u201eInvesti\u0163ii pentru o regiune sigur\u0103: Jude\u0163ul Giurgiu \u015fi Districtul Ruse\u201d- ISR. Proiectul este cofinan\u0163at de Uniunea European\u0103 prin Fondul European de Dezvoltare Regional\u0103 \u015fi are o valoare de peste 5 milioane de euro.<\/p>\n<p>La conferin\u0163a de ast\u0103zi a participat o delega\u0163ie bulgar\u0103 condus\u0103 de noul prefect de Ruse, Galin Grigorov, cei doi subprefec\u0163i, reprezentan\u0163i ai Direc\u0163iei de Ap\u0103rare \u00cempotriva incendiilor Ruse \u015fi conducerea Asocia\u0163iei Euroregiunea Danubius. De la Giurgiu, au fost cei din echipa de proiect, vicepre\u015fedintele CJ Lucian Corozel \u015fi reprezentan\u0163i ai ISU Giurgiu, condu\u015fi de colonelul Emil Apostol.<img loading=\"lazy\" decoding=\"async\" class=\"aligncenter size-full wp-image-53079\" src=\"https:\/\/giurgiu-net.ro\/wp-content\/uploads\/2017\/06\/DSC_0034.jpg\" alt=\"\" width=\"800\" height=\"470\" \/> <img loading=\"lazy\" decoding=\"async\" class=\"aligncenter size-full wp-image-53080\" src=\"https:\/\/giurgiu-net.ro\/wp-content\/uploads\/2017\/06\/DSC_0035.jpg\" alt=\"\" width=\"800\" height=\"530\" \/> <img loading=\"lazy\" decoding=\"async\" class=\"aligncenter size-full wp-image-53081\" src=\"https:\/\/giurgiu-net.ro\/wp-content\/uploads\/2017\/06\/DSC_0036-1.jpg\" alt=\"\" width=\"800\" height=\"530\" \/> <img loading=\"lazy\" decoding=\"async\" class=\"aligncenter size-full wp-image-53082\" src=\"https:\/\/giurgiu-net.ro\/wp-content\/uploads\/2017\/06\/DSC_0056.jpg\" alt=\"\" width=\"800\" height=\"530\" \/> <img loading=\"lazy\" decoding=\"async\" class=\"aligncenter size-full wp-image-53083\" src=\"https:\/\/giurgiu-net.ro\/wp-content\/uploads\/2017\/06\/DSC_0057.jpg\" alt=\"\" width=\"800\" height=\"420\" \/> <img loading=\"lazy\" decoding=\"async\" class=\"aligncenter size-full wp-image-53084\" src=\"https:\/\/giurgiu-net.ro\/wp-content\/uploads\/2017\/06\/DSC_0060.jpg\" alt=\"\" width=\"800\" height=\"530\" \/><\/p>\n<p><strong>Vicepre\u015fedintele Consiliului Jude\u0163ean Giurgiu Lucian Corozel<\/strong> i-a felicitat pe to\u0163i cei implica\u0163i \u00een realizarea proiectului.<img loading=\"lazy\" decoding=\"async\" class=\"aligncenter size-full wp-image-53085\" src=\"https:\/\/giurgiu-net.ro\/wp-content\/uploads\/2017\/06\/DSC_0059.jpg\" alt=\"\" width=\"800\" height=\"691\" \/><\/p>\n<p><em>\u201e<\/em><em>Proiectul ISR va veni \u00een beneficiul Inspectoratului pentru Situa\u0163ii de Urgen\u0163\u0103 Giurgiu, este un proiect ce va asigura dezvoltarea capacit\u0103\u0163ii logistice prin dimensionarea spa\u0163iilor pentru depozitarea, p\u0103strarea \u015fi verificarea tehnicii de interven\u0163ie. <\/em><em>Investi\u021bia \u201eBaz\u0103 tehnico-material\u0103 pentru cre\u0219terea vitezei de r\u0103spuns \u00een situa\u021bii de urgen\u021b\u0103\u201d va conduce la reducerea timpilor de r\u0103spuns \u00een situa\u0163ii de urgen\u0163\u0103, cre\u015fterea duratei de via\u0163\u0103 a autospecialelor de interven\u0163ii, reducerea cheltuielilor cu \u00eentre\u0163inerea \u015fi repara\u0163ia autospecialelor etc.\u201d<\/em>, a spus Lucian Corozel<\/p>\n<p>Mul\u0163umiri a adresat \u015fi <strong>prefectul districtului Ruse, Galin Grigorov<\/strong>.<img loading=\"lazy\" decoding=\"async\" class=\"aligncenter size-full wp-image-53086\" src=\"https:\/\/giurgiu-net.ro\/wp-content\/uploads\/2017\/06\/DSC_0064.jpg\" alt=\"\" width=\"800\" height=\"787\" \/><\/p>\n<p><em>\u201e\u00cen numele meu, al colegilor mei din Prefectur\u0103, dar \u015fi al \u00eentregii administra\u0163ii din Ruse, v\u0103 mul\u0163umim pentru implicare \u015fi v\u0103 dorim s\u0103 ave\u0163i succes \u00een cadrul acestui proiect. Sunt sigur c\u0103 va avea un parcus bun, la fel ca toate celelalte proiecte pe care le vom face \u00eempreun\u0103. V\u0103 dorim mult succes \u015fi ne bucur\u0103m c\u0103 suntem parteneri \u015fi c\u0103 putem face multe lucruri bune \u00eempreun\u0103\u201d<\/em>, a spus Grigorov.<\/p>\n<p><strong>Managerul de proiect, Miruna Eftimiu<\/strong>, a amintit, la r\u00e2nd s\u0103u, c\u0103 acest proiect este o continuare a unei colabor\u0103ri \u00eencepute acum 15 ani.<img loading=\"lazy\" decoding=\"async\" class=\"aligncenter size-full wp-image-53087\" src=\"https:\/\/giurgiu-net.ro\/wp-content\/uploads\/2017\/06\/DSC_0061-1.jpg\" alt=\"\" width=\"800\" height=\"652\" \/><\/p>\n<p><em>\u201eAcest proiect este o continuare a activit\u0103\u0163ii comune \u00eentre Consiliul Jude\u0163ean Giurgiu \u015fi Prefectura Ruse, \u00eencepute \u00een urm\u0103 cu 15 ani, prin \u00eenfiin\u0163area Asocia\u0163iei Euroregiunea Danubius. Cele dou\u0103 institu\u0163ii, \u00een perioada men\u0163ionat\u0103, au reu\u015fit s\u0103 finalizeze mai mult de 10 proiecte comune. \u00cei mul\u0163umim pentru asta \u00een primul r\u00e2nd doamnei Lili Ganceva\u201d<\/em>, a subliniat Eftimiu.<\/p>\n<p><strong>Lili Ganceva, directorul Euroregiunii Danubius,<\/strong> le-a transmis celor prezen\u0163i c\u0103 este o zi emo\u0163ionant\u0103 pentru ea.<img loading=\"lazy\" decoding=\"async\" class=\"aligncenter size-full wp-image-53088\" src=\"https:\/\/giurgiu-net.ro\/wp-content\/uploads\/2017\/06\/DSC_0053-1.jpg\" alt=\"\" width=\"768\" height=\"800\" \/><\/p>\n<p><em>\u201eAceasta \u015fi pentru c\u0103 este prima \u00eent\u00e2lnire \u00eentre noua conducere a Prefecturii Ruse \u015fi cea a Consiliului Jude\u0163ean Giurgiu. Anterior acestui moment, am avut o \u00eent\u00e2lnire neformal\u0103 cu reprezentan\u0163ii de la v\u00e2rf ai CJ Giurgiu \u015fi am stabilit c\u0103 pe viitor vom face chiar mai mult dec\u00e2t am reu\u015fit p\u00e2n\u0103 acum. Vom face eforturi s\u0103 mai ad\u0103ug\u0103m \u015fi alte proiecte la tot ce am ob\u0163inut p\u00e2n\u0103 acum. \u00cen cei 15 ani de cooperare, s-au format prietenii, am \u00eencheiat multe parteneriate \u015fi \u015ftiu c\u0103 mult\u0103 lume ne invidiaz\u0103 pentru realiz\u0103rile celor dou\u0103 institu\u0163ii. Vreau s\u0103 \u00eei felicit \u015fi pe cei care lucreaz\u0103 \u00een ISU Giurgiu, respectiv Direc\u0163ia de Ap\u0103rare \u00eempotriva incendiilor, pentru c\u0103 sunt oameni extraordinari \u015fi care alc\u0103tuiesc o mare familie\u201d<\/em>, a afirmat Ganceva.<\/p>\n<p>A luat cuv\u00e2ntul \u015fi colonelul <strong>Emil Apostol, \u015feful ISU Giurgiu<\/strong>.<img loading=\"lazy\" decoding=\"async\" class=\"aligncenter size-full wp-image-53089\" src=\"https:\/\/giurgiu-net.ro\/wp-content\/uploads\/2017\/06\/DSC_0039-1.jpg\" alt=\"\" width=\"723\" height=\"800\" \/><\/p>\n<p><em>\u201ePentru mine azi este o zi fericit\u0103 pentru c\u0103 am plecat de la o idee \u015fi u\u015for-ulor vedem cum punem \u00een practic\u0103 planurile noastre comune. \u015ei noi, dar \u015fi colegii pompieri din Ruse am reu\u015fit s\u0103 fim \u00eenaintea multor altora prin dot\u0103rile ob\u0163inute cu fonduri europene. Comunitatea european\u0103 a pus un sac cu bani \u00een mijlocul Dun\u0103rii \u015fi a spus, dac\u0103 vre\u0163i s\u0103-i lua\u0163i, trebuie s\u0103 lucra\u0163i \u00eempreun\u0103. Dincolo de proiecte, \u00eens\u0103, cred c\u0103 cel mai mare c\u00e2\u015ftig al colabor\u0103rii noastre este c\u0103 suntem prieteni. Mul\u0163umim, de asemenea, Consiliului Jude\u0163ean, domnilor Mina \u015fi Corozel pentru tot sprijinul, dar \u015fi Mirunei Eftimiu, domnului Mardale, sunt o echip\u0103 extraordinar\u0103 \u015fi muncesc mult pentru ca un vis s\u0103 se transforme \u00een realitate. Dac\u0103 ar fi s\u0103 existe un simbol al prieteniei dintre Ruse \u015fi Giurgiu, acela ar fi&#8230; Lili Ganceva\u201d,<\/em> a zis Emil Apostol.<\/p>\n<p>\u015ei \u015feful Direc\u0163iei de Ap\u0103rare \u00eempotriva incendiilor \u015fi Protec\u0163ie Civil\u0103 Ruse, <strong>Dimitir Pavlov<img loading=\"lazy\" decoding=\"async\" class=\"aligncenter size-full wp-image-53090\" src=\"https:\/\/giurgiu-net.ro\/wp-content\/uploads\/2017\/06\/DSC_0068.jpg\" alt=\"\" width=\"800\" height=\"489\" \/><\/strong> s-a declarat bucuros de noua reu\u015fit\u0103. <em>\u201eEste o onoare \u015fi bucurie s\u0103 vorbim despre un nou proiect c\u00e2\u015ftigat. Am reu\u015fit \u00eempreun\u0103 s\u0103 facem multe proiecte foarte bune, v\u0103 mul\u0163umim tuturor pentru toate eforturile \u015fi sunt convins c\u0103 \u015fi viitoarele proiecte vor fi la fel de importante \u015fi le vom c\u00e2\u015ftiga\u201d,<\/em> a zis Pavlov.<\/p>\n<p>Consilier \u00een cadrul Direc\u0163iei de Integrare, <strong>Nicu Mardale<\/strong> a vorbit, de asemenea, despre noul proiect \u00een contextul succeselor \u00eentregistrate anterior de Giurgiu \u015fi Ruse. <em>\u201eAcesta este al patrulea proiect ce este implementat cu partenerii bulgari \u00een domeniul situa\u0163iilor de urgen\u0163\u0103. Am ob\u0163inut, \u00een trecut, fonduri pentru achizi\u0163ionarea de echipamente necesare pompierilor, dar, la Giurgiu, a fost construit \u015fi Centrul Transfrontalier de Comand\u0103. Prin acest nou proiect de concretizeaz\u0103 o alt\u0103 nevoie stringent\u0103 pentru ISU Giurgiu \u015fi \u00eencheiem, a\u015fadar, o nou\u0103 etap\u0103 din \u00eenzestrarea Inspectoratului. Toate aceste eforturi, alt\u0103turi de implicarea primarilor din jude\u0163, au condus la faptul c\u0103, \u00een acest moment, din punctul meu de vedere, cel pu\u0163in, ISU Giurgiu este printre cele mai bine dotate din \u0163ar\u0103 \u015fi nu ne vom opri aici\u201d<\/em>, a spus Mardale.<img loading=\"lazy\" decoding=\"async\" class=\"aligncenter size-full wp-image-53091\" src=\"https:\/\/giurgiu-net.ro\/wp-content\/uploads\/2017\/06\/DSC_0037.jpg\" alt=\"\" width=\"800\" height=\"766\" \/><\/p>\n<p>Obiectivul general al proiectului este \u00eembun\u0103t\u0103\u0163irea managementului comun al riscurilor \u00een zona transfrontalier\u0103 iar durata proiectului este de 36 de luni.<\/p>\n<p>Investi\u0163ia de la Giurgiu va putea fi folosit\u0103 de cele \u015fapte subunit\u0103\u0163i de interven\u0163ie din zona de competen\u0163\u0103 a jude\u0163ului Giurgiu \u015fi personalul Inspectoratului pentru Situa\u0163ii de Urgen\u0163\u0103 \u201eVla\u015fca\u201d al jude\u0163ului Giurgiu, precum \u015fi de institu\u0163iile partenere din Rom\u00e2nia \u015fi Bulgaria.<\/p>\n<p>Totodat\u0103, vor fi achizi\u0163ionate, printre altele, \u015fi un atelier mobil pentru \u00eentre\u0163inere \u015fi repara\u0163ii autospeciale, autospeciale\/echipamente de interven\u0163ie \u00een situa\u0163ii de urgen\u0163\u0103 iar partenerul bulgar va realiza o investi\u0163ie const\u00e2nd \u00een reabilitarea a patru corpuri de cl\u0103dire apar\u0163in\u00e2nd primei sta\u0163ii de pompieri din Ruse.<\/p>\n<p>&nbsp;<\/p>\n<p>Text \u015fi foto: C\u0103t\u0103lina Sfetcu<\/p>\n","protected":false},"excerpt":{"rendered":"<p>Au reu\u015fit, p\u00e2n\u0103 acum, s\u0103 implementeze patru mari proiecte europene pe domeniul situa\u0163iilor de urgen\u0163\u0103, au dotat ISU Giurgiu \u015fi Direc\u0163ia de Ap\u0103rare \u00eempotriva incendiilor Ruse cu echipamente mai mult dec\u00e2t necesare \u015fi au reu\u015fit, din nou, s\u0103 acceseze 5 milioane de euro. Consiliul Jude\u0163ean Giurgiu \u015fi Prefectura Ruse, prin echipele lor de proiecte, au [&hellip;]<\/p>\n","protected":false},"author":1,"featured_media":53083,"comment_status":"open","ping_status":"open","sticky":false,"template":"","format":"standard","meta":{"slim_seo":{"title":"Un vis devenit realitate pentru ISU Giurgiu. Consiliul Jude\u0163ean Giurgiu \u015fi Prefectura Ruse au mai c\u00e2\u015ftigat un proiect - GIURGIU NET","description":"Au reu\u015fit, p\u00e2n\u0103 acum, s\u0103 implementeze patru mari proiecte europene pe domeniul situa\u0163iilor de urgen\u0163\u0103, au dotat ISU Giurgiu \u015fi Direc\u0163ia de Ap\u0103rare \u00eempotriva inc"},"footnotes":""},"categories":[18,19,26,28],"tags":[606,1452],"class_list":{"0":"post-53078","1":"post","2":"type-post","3":"status-publish","4":"format-standard","5":"has-post-thumbnail","7":"category-actual","8":"category-adm","9":"category-soc","10":"category-uo","11":"tag-cj-giurgiu","12":"tag-isu-giurgiu"},"_links":{"self":[{"href":"https:\/\/giurgiu-net.ro\/index.php\/wp-json\/wp\/v2\/posts\/53078","targetHints":{"allow":["GET"]}}],"collection":[{"href":"https:\/\/giurgiu-net.ro\/index.php\/wp-json\/wp\/v2\/posts"}],"about":[{"href":"https:\/\/giurgiu-net.ro\/index.php\/wp-json\/wp\/v2\/types\/post"}],"author":[{"embeddable":true,"href":"https:\/\/giurgiu-net.ro\/index.php\/wp-json\/wp\/v2\/users\/1"}],"replies":[{"embeddable":true,"href":"https:\/\/giurgiu-net.ro\/index.php\/wp-json\/wp\/v2\/comments?post=53078"}],"version-history":[{"count":0,"href":"https:\/\/giurgiu-net.ro\/index.php\/wp-json\/wp\/v2\/posts\/53078\/revisions"}],"wp:featuredmedia":[{"embeddable":true,"href":"https:\/\/giurgiu-net.ro\/index.php\/wp-json\/"}],"wp:attachment":[{"href":"https:\/\/giurgiu-net.ro\/index.php\/wp-json\/wp\/v2\/media?parent=53078"}],"wp:term":[{"taxonomy":"category","embeddable":true,"href":"https:\/\/giurgiu-net.ro\/index.php\/wp-json\/wp\/v2\/categories?post=53078"},{"taxonomy":"post_tag","embeddable":true,"href":"https:\/\/giurgiu-net.ro\/index.php\/wp-json\/wp\/v2\/tags?post=53078"}],"curies":[{"name":"wp","href":"https:\/\/api.w.org\/{rel}","templated":true}]}}