{"id":53074,"date":"2017-06-13T15:00:42","date_gmt":"2017-06-13T12:00:42","guid":{"rendered":"http:\/\/giurgiu-net.ro\/?p=53074"},"modified":"2017-06-13T15:00:42","modified_gmt":"2017-06-13T12:00:42","slug":"vom-avea-o-zi-a-produselor-agroalimentare-romanesti","status":"publish","type":"post","link":"https:\/\/giurgiu-net.ro\/index.php\/2017\/06\/13\/vom-avea-o-zi-a-produselor-agroalimentare-romanesti\/","title":{"rendered":"Vom avea o Zi a Produselor Agroalimentare Rom\u00e2ne\u015fti"},"content":{"rendered":"<p><!--more-->Aceasta va fi marcat\u0103 pe 10 octombrie, au decis mar\u0163i, 13 iunie, deputa\u0163ii care au aprobat, astfel, un proiect ini\u0163iat de Grupul Parlamentar al PSD.<\/p>\n<p>&nbsp;<\/p>\n<p>Proiectul de Lege privind instituirea zilei de 10 octombrie \u2014 Ziua na\u021bional\u0103 a produselor agroalimentare rom<span class=\"text_exposed_show\">\u00e2ne\u0219ti, <em>d\u0103 autorit\u0103\u021bilor publice centrale \u0219i locale, celorlalte institu\u021bii ale statului, societ\u0103\u021bii civile \u0219i persoanelor fizice posibilitatea de a organiza programe \u0219i manifest\u0103ri educative, de voluntariat, cu caracter social sau \u0219tiin\u021bific, consacrate promov\u0103rii produselor agroalimentare rom\u00e2ne\u0219ti<\/em>. <\/span><\/p>\n<p><span class=\"text_exposed_show\">Presa central\u0103 noteaz\u0103 c\u0103, potrivit legii, autorit\u0103\u021bile administra\u021biei centrale \u0219i locale pot acorda sprijin logistic \u0219i pot aloca fonduri din bugetele proprii \u00een vederea organiz\u0103rii \u0219i derul\u0103rii \u00een bune condi\u021bii a manifest\u0103rilor prev\u0103zute \u00een ini\u021biativa legislativ\u0103, \u00een limita aloca\u021biilor bugetare aprobate.<\/span><\/p>\n<p>Legea define\u0219te \u0219i termenul de &#8216;produs agroalimentar rom\u00e2nesc&#8217;, prin care se \u00een\u021belege produsul ob\u021binut pe teritoriul na\u021bional din materii prime de baz\u0103 provenite \u00een propor\u021bie de 100% din fermele din Rom\u00e2nia \u0219i are inscrip\u021bionat pe etichet\u0103 drapelul Rom\u00e2niei.<\/p>\n<p>Actul normativ ini\u021biat \u0219i sus\u021binut de Grupul parlamentar al PSD va avea efect pozitiv, pe termen lung, asupra produc\u0103torilor agricoli, gener\u00e2nd un nou cadru pentru valorificarea produselor, ace\u0219tia av\u00e2nd posibilitatea s\u0103 prezinte, cu ocazia acestei zile, produse proaspete, de bun\u0103 calitate, direct de la surs\u0103, autohtone, care vor concura produsele de import. Totodat\u0103, se va \u00eembun\u0103t\u0103\u021bi rela\u021bia dintre produc\u0103torii agricoli na\u021bionali, zonali sau locali \u0219i consumatorii finali.<\/p>\n","protected":false},"excerpt":{"rendered":"","protected":false},"author":1,"featured_media":53075,"comment_status":"open","ping_status":"open","sticky":false,"template":"","format":"standard","meta":{"slim_seo":{"title":"Vom avea o Zi a Produselor Agroalimentare Rom\u00e2ne\u015fti - GIURGIU NET","description":"Aceasta va fi marcat\u0103 pe 10 octombrie, au decis mar\u0163i, 13 iunie, deputa\u0163ii care au aprobat, astfel, un proiect ini\u0163iat de Grupul Parlamentar al PSD. &nbsp; Proi"},"footnotes":""},"categories":[18,26],"tags":[],"class_list":{"0":"post-53074","1":"post","2":"type-post","3":"status-publish","4":"format-standard","5":"has-post-thumbnail","7":"category-actual","8":"category-soc"},"_links":{"self":[{"href":"https:\/\/giurgiu-net.ro\/index.php\/wp-json\/wp\/v2\/posts\/53074","targetHints":{"allow":["GET"]}}],"collection":[{"href":"https:\/\/giurgiu-net.ro\/index.php\/wp-json\/wp\/v2\/posts"}],"about":[{"href":"https:\/\/giurgiu-net.ro\/index.php\/wp-json\/wp\/v2\/types\/post"}],"author":[{"embeddable":true,"href":"https:\/\/giurgiu-net.ro\/index.php\/wp-json\/wp\/v2\/users\/1"}],"replies":[{"embeddable":true,"href":"https:\/\/giurgiu-net.ro\/index.php\/wp-json\/wp\/v2\/comments?post=53074"}],"version-history":[{"count":0,"href":"https:\/\/giurgiu-net.ro\/index.php\/wp-json\/wp\/v2\/posts\/53074\/revisions"}],"wp:featuredmedia":[{"embeddable":true,"href":"https:\/\/giurgiu-net.ro\/index.php\/wp-json\/"}],"wp:attachment":[{"href":"https:\/\/giurgiu-net.ro\/index.php\/wp-json\/wp\/v2\/media?parent=53074"}],"wp:term":[{"taxonomy":"category","embeddable":true,"href":"https:\/\/giurgiu-net.ro\/index.php\/wp-json\/wp\/v2\/categories?post=53074"},{"taxonomy":"post_tag","embeddable":true,"href":"https:\/\/giurgiu-net.ro\/index.php\/wp-json\/wp\/v2\/tags?post=53074"}],"curies":[{"name":"wp","href":"https:\/\/api.w.org\/{rel}","templated":true}]}}