{"id":53072,"date":"2017-06-13T16:45:19","date_gmt":"2017-06-13T13:45:19","guid":{"rendered":"http:\/\/giurgiu-net.ro\/?p=53072"},"modified":"2017-06-13T16:45:19","modified_gmt":"2017-06-13T13:45:19","slug":"presedintele-executiv-al-psd-aseara-a-fost-o-discutie-cu-premierul-foarte-constructiva","status":"publish","type":"post","link":"https:\/\/giurgiu-net.ro\/index.php\/2017\/06\/13\/presedintele-executiv-al-psd-aseara-a-fost-o-discutie-cu-premierul-foarte-constructiva\/","title":{"rendered":"Pre\u015fedintele executiv al PSD: Asear\u0103 a fost o discu\u0163ie cu premierul foarte constructiv\u0103&#8221;"},"content":{"rendered":"<p><!--more-->Pre\u0219edintele executiv al PSD, Niculae B\u0103d\u0103l\u0103u, a declarat mar\u021bi c\u0103 nu a auzit c\u0103 i-ar fi cerut cineva demisia premierului Sorin Grindeanu luni sear\u0103, ad\u0103ug\u00e2nd c\u0103 sunt nerealiz\u0103ri \u00een ceea ce prive\u0219te programul de guvernare la Finan\u021be, Transporturi \u0219i Agricultur\u0103, potrivit presei centrale.<\/p>\n<p>&#8222;Asear\u0103 (luni sear\u0103 \u2014 n.r.) a fost o discu\u021bie, exact o analiz\u0103 pe programul de guvernare, cu premierul, foarte constructiv\u0103&#8221;, a spus B\u0103d\u0103l\u0103u, la Palatul Parlamentului.<\/p>\n<p>\u00centrebat dac\u0103 i-a cerut cineva demisia premierului luni sear\u0103, el a spus c\u0103 nu a auzit acest lucru.<\/p>\n<p>&#8222;Eu nu am auzit lucrul \u0103sta, poate eram ie\u0219it din sal\u0103&#8221;, a spus B\u0103d\u0103l\u0103u.<\/p>\n<p>\u00centrebat la ce ministere sunt probleme, el a r\u0103spuns c\u0103 la Finan\u021be, Transporturi, Agricultur\u0103.<\/p>\n<p>&#8222;Discut\u00e2nd pe programul de guvernare sunt \u00eentr-adev\u0103r nerealiz\u0103ri, suntem cu destule probleme ie\u0219ite din grafic, sunt extrem de multe &#8230; La Finan\u021be, Agricultur\u0103, Transporturi&#8221;, a men\u021bionat el.<\/p>\n<p>&nbsp;<\/p>\n","protected":false},"excerpt":{"rendered":"","protected":false},"author":1,"featured_media":53011,"comment_status":"open","ping_status":"open","sticky":false,"template":"","format":"standard","meta":{"slim_seo":{"title":"Pre\u015fedintele executiv al PSD: Asear\u0103 a fost o discu\u0163ie cu premierul foarte constructiv\u0103\" - GIURGIU NET","description":"Pre\u0219edintele executiv al PSD, Niculae B\u0103d\u0103l\u0103u, a declarat mar\u021bi c\u0103 nu a auzit c\u0103 i-ar fi cerut cineva demisia premierului Sorin Grindeanu luni sear\u0103, ad\u0103ug\u00e2nd c"},"footnotes":""},"categories":[18,25],"tags":[1839],"class_list":{"0":"post-53072","1":"post","2":"type-post","3":"status-publish","4":"format-standard","5":"has-post-thumbnail","7":"category-actual","8":"category-pol","9":"tag-niculae-badalau"},"_links":{"self":[{"href":"https:\/\/giurgiu-net.ro\/index.php\/wp-json\/wp\/v2\/posts\/53072","targetHints":{"allow":["GET"]}}],"collection":[{"href":"https:\/\/giurgiu-net.ro\/index.php\/wp-json\/wp\/v2\/posts"}],"about":[{"href":"https:\/\/giurgiu-net.ro\/index.php\/wp-json\/wp\/v2\/types\/post"}],"author":[{"embeddable":true,"href":"https:\/\/giurgiu-net.ro\/index.php\/wp-json\/wp\/v2\/users\/1"}],"replies":[{"embeddable":true,"href":"https:\/\/giurgiu-net.ro\/index.php\/wp-json\/wp\/v2\/comments?post=53072"}],"version-history":[{"count":0,"href":"https:\/\/giurgiu-net.ro\/index.php\/wp-json\/wp\/v2\/posts\/53072\/revisions"}],"wp:featuredmedia":[{"embeddable":true,"href":"https:\/\/giurgiu-net.ro\/index.php\/wp-json\/"}],"wp:attachment":[{"href":"https:\/\/giurgiu-net.ro\/index.php\/wp-json\/wp\/v2\/media?parent=53072"}],"wp:term":[{"taxonomy":"category","embeddable":true,"href":"https:\/\/giurgiu-net.ro\/index.php\/wp-json\/wp\/v2\/categories?post=53072"},{"taxonomy":"post_tag","embeddable":true,"href":"https:\/\/giurgiu-net.ro\/index.php\/wp-json\/wp\/v2\/tags?post=53072"}],"curies":[{"name":"wp","href":"https:\/\/api.w.org\/{rel}","templated":true}]}}