{"id":52584,"date":"2017-05-19T11:50:08","date_gmt":"2017-05-19T08:50:08","guid":{"rendered":"http:\/\/giurgiu-net.ro\/?p=52584"},"modified":"2017-05-19T11:50:08","modified_gmt":"2017-05-19T08:50:08","slug":"teatru-in-aer-liber-la-giurgiu","status":"publish","type":"post","link":"https:\/\/giurgiu-net.ro\/index.php\/2017\/05\/19\/teatru-in-aer-liber-la-giurgiu\/","title":{"rendered":"Teatru \u00een aer liber, la Giurgiu"},"content":{"rendered":"<p><!--more-->Conducerea Teatrului \u201cTudor Vianu\u201d anun\u0163\u0103 c\u0103 deschide vineri, 19 mai, stagiunea de exterior a anului 2017, la ora 19,00, \u00een Parcul \u201eMihai Viteazu\u201d, cu premiera spectacolului \u201eImagini pe gramofon\u201d.<\/p>\n<p>&#8222;T\u00e2n\u0103ra trup\u0103 de actori \u015fi realizatori a teatrului a preg\u0103tit un spectacol-surpriz\u0103 care \u00eembin\u0103 muzica \u015fi expresivitatea mi\u015fc\u0103rii cu umorul situa\u0163iilor \u015fi atrage \u00een joc publicul. Parfumul de epoc\u0103 \u015fi cotidianul se \u00eempletesc \u00een scenele c\u0103rora le dau via\u0163\u0103 actorii Ana Sivu Daponte, Teodora Daiana P\u0103curar, Anca Pascu, Oana Maria Dragne, Mihaela \u015eandru, Evelyn Marcu, \u015eerban Chi\u0163u, C\u0103t\u0103lin Fr\u0103sinescu \u015fi Vlad B\u00eenzoiu, oferind o or\u0103 de relaxare \u015fi amuzament privitorului.<\/p>\n<p>S\u00e2mb\u0103t\u0103, 20 mai, tot de la ora 19,00, spectacolul \u201eImagini pe gramofon\u201d va putea fi vizionat \u00een Parcul Alei.<\/p>\n<p>Teatrul va fi prezent \u015fi \u00een acest an \u00een toate cartierele municipiului. Reprezenta\u0163ii sunt programate \u00een parcurile \u201eMihai Viteazu\u201d, \u201eAlei\u201d, \u201eElevilor\u201d, \u201eTipografiei\u201d \u015fi \u201eMilan\u201d, dar vom juca \u015fi \u00een Cartierul Istru \u015fi \u00een fa\u0163a magazinului \u201eSanitas\u201d.<\/p>\n<p>Iar o a doua premier\u0103 este aproape gata: \u00een cur\u00e2nd le vom da \u00eent\u00e2lnire prietenilor no\u015ftri giurgiuveni la \u201e\u015ecoala vesel\u0103\u201d. Suntem siguri c\u0103 vor r\u0103spunde \u201eprezent\u201d, de\u015fi calendarul ne \u00eendeamn\u0103 s\u0103 facem planuri de vacan\u0163\u0103.<\/p>\n<p>&nbsp;<\/p>\n<p><strong>Urm\u0103ri\u0163i programul spectacolelor pe site-ul nostru <\/strong><a href=\"https:\/\/www.teatrultudorvianu.ro\"><strong>www.teatrultudorvianu.ro<\/strong><\/a><strong>.&#8221;, se arat\u0103 \u00eentr-un comunicat de pres\u0103 al Teatrului.<\/strong><\/p>\n<p><strong>\u00a0<\/strong><\/p>\n","protected":false},"excerpt":{"rendered":"","protected":false},"author":1,"featured_media":52585,"comment_status":"open","ping_status":"open","sticky":false,"template":"","format":"standard","meta":{"slim_seo":{"title":"Teatru \u00een aer liber, la Giurgiu - GIURGIU NET","description":"Conducerea Teatrului \u201cTudor Vianu\u201d anun\u0163\u0103 c\u0103 deschide vineri, 19 mai, stagiunea de exterior a anului 2017, la ora 19,00, \u00een Parcul \u201eMihai Viteazu\u201d, cu premiera"},"footnotes":""},"categories":[18,29],"tags":[2609],"class_list":{"0":"post-52584","1":"post","2":"type-post","3":"status-publish","4":"format-standard","5":"has-post-thumbnail","7":"category-actual","8":"category-educatie-si-cultura","9":"tag-teatrul-tudor-vianu"},"_links":{"self":[{"href":"https:\/\/giurgiu-net.ro\/index.php\/wp-json\/wp\/v2\/posts\/52584","targetHints":{"allow":["GET"]}}],"collection":[{"href":"https:\/\/giurgiu-net.ro\/index.php\/wp-json\/wp\/v2\/posts"}],"about":[{"href":"https:\/\/giurgiu-net.ro\/index.php\/wp-json\/wp\/v2\/types\/post"}],"author":[{"embeddable":true,"href":"https:\/\/giurgiu-net.ro\/index.php\/wp-json\/wp\/v2\/users\/1"}],"replies":[{"embeddable":true,"href":"https:\/\/giurgiu-net.ro\/index.php\/wp-json\/wp\/v2\/comments?post=52584"}],"version-history":[{"count":0,"href":"https:\/\/giurgiu-net.ro\/index.php\/wp-json\/wp\/v2\/posts\/52584\/revisions"}],"wp:featuredmedia":[{"embeddable":true,"href":"https:\/\/giurgiu-net.ro\/index.php\/wp-json\/"}],"wp:attachment":[{"href":"https:\/\/giurgiu-net.ro\/index.php\/wp-json\/wp\/v2\/media?parent=52584"}],"wp:term":[{"taxonomy":"category","embeddable":true,"href":"https:\/\/giurgiu-net.ro\/index.php\/wp-json\/wp\/v2\/categories?post=52584"},{"taxonomy":"post_tag","embeddable":true,"href":"https:\/\/giurgiu-net.ro\/index.php\/wp-json\/wp\/v2\/tags?post=52584"}],"curies":[{"name":"wp","href":"https:\/\/api.w.org\/{rel}","templated":true}]}}