{"id":52580,"date":"2017-05-19T09:30:01","date_gmt":"2017-05-19T06:30:01","guid":{"rendered":"http:\/\/giurgiu-net.ro\/?p=52580"},"modified":"2017-05-19T09:30:01","modified_gmt":"2017-05-19T06:30:01","slug":"52580","status":"publish","type":"post","link":"https:\/\/giurgiu-net.ro\/index.php\/2017\/05\/19\/52580\/","title":{"rendered":"Deficit de medici de familie \u015fi la nivelul municipiului Giurgiu"},"content":{"rendered":"<p>Deputatul social-democrat Elena Dinu a vorbit joi, 18 mai, \u00een conferin\u0163\u0103 de pres\u0103 \u015fi despre masa rotund\u0103 cu tema &#8222;Medicina de familie, \u00eencotro?&#8221; la care a participat cu o zi \u00een urm\u0103 \u015fi despre care am scris \u015fi noi la momentul respectiv.<!--more--><\/p>\n<p><img loading=\"lazy\" decoding=\"async\" class=\"aligncenter size-full wp-image-52581\" src=\"https:\/\/giurgiu-net.ro\/wp-content\/uploads\/2017\/05\/DSC_0064-1.jpg\" alt=\"\" width=\"800\" height=\"766\" \/>Elena Dinu a venit, \u00eens\u0103, cu informa\u0163ii suplimentare \u015fi mai ales cu date referitoare la jude\u0163ul Giurgiu. <em>&#8222;Principala problem\u0103 luat\u0103 \u00een discu\u0163ie la masa rotund\u0103 de miercuri a fost num\u0103rul mic \u015fi \u00een sc\u0103dere al medicilor de familie. Media de v\u00e2rst\u0103 este de 40 de ani \u015fi, posibil, dac\u0103 nu se iau m\u0103suri, \u00een urm\u0103torii 10 ani, deoarece nu mai este atractiv\u0103 aceast\u0103 specializare, s\u0103 nu mai poat\u0103 fi asigurat\u0103 asisten\u0163a medical\u0103 primar\u0103. La nivelul jude\u0163ului Giurgiu, necesarul de medici de familie este de 129 \u015fi avem 111 cadre. 18 sunt pensionari cu v\u00e2rsta de peste 65 de ani, men\u0163inu\u0163i \u00een c\u00e2mpul muncii, iar 19% dintre cei care au r\u0103mas sunt \u00een prag de pensionare. Avem, de asemenea, 10 comune \u015fi chiar \u015fi \u00een municipiu, cu deficit de medici de familie&#8221;,<\/em> a anun\u0163at Elena Dinu.<\/p>\n<p>Printre comunele men\u0163ionate se num\u0103r\u0103 Bolintin Deal, Bulbucata, Cosoba, G\u0103iseni, Chitu sau V\u0103r\u0103\u015fti.<\/p>\n<p><em>&#8222;Deficitul pe municipiu este de opt medici de familie. Este un semnal de alarm\u0103 pentru noi, deoarece asisten\u0163a medical\u0103 primar\u0103 este baza sistemului sanitar. Pacien\u0163ii sunt de acord c\u0103 medicul de familie este cel care le cunoa\u015fte cel mai bine problemele de s\u0103n\u0103tate. Sper ca prin aceste major\u0103ri salariale s\u0103 oprim, \u00een sf\u00e2r\u015fit, exodul medicilor \u015fi chiar s\u0103 se \u00eentoarc\u0103 acas\u0103 dintre aceia pleca\u0163i \u00een str\u0103in\u0103tate&#8221;<\/em>, a mai spus Elena Dinu.<\/p>\n","protected":false},"excerpt":{"rendered":"<p>Deputatul social-democrat Elena Dinu a vorbit joi, 18 mai, \u00een conferin\u0163\u0103 de pres\u0103 \u015fi despre masa rotund\u0103 cu tema &#8222;Medicina de familie, \u00eencotro?&#8221; la care a participat cu o zi \u00een urm\u0103 \u015fi despre care am scris \u015fi noi la momentul respectiv.<\/p>\n","protected":false},"author":1,"featured_media":52540,"comment_status":"open","ping_status":"open","sticky":false,"template":"","format":"standard","meta":{"slim_seo":{"title":"Deficit de medici de familie \u015fi la nivelul municipiului Giurgiu - GIURGIU NET","description":"Deputatul social-democrat Elena Dinu a vorbit joi, 18 mai, \u00een conferin\u0163\u0103 de pres\u0103 \u015fi despre masa rotund\u0103 cu tema \"Medicina de familie, \u00eencotro?\" la care a parti"},"footnotes":""},"categories":[18,26],"tags":[1025,1681],"class_list":{"0":"post-52580","1":"post","2":"type-post","3":"status-publish","4":"format-standard","5":"has-post-thumbnail","7":"category-actual","8":"category-soc","9":"tag-elena-dinu","10":"tag-medici-de-familie"},"_links":{"self":[{"href":"https:\/\/giurgiu-net.ro\/index.php\/wp-json\/wp\/v2\/posts\/52580","targetHints":{"allow":["GET"]}}],"collection":[{"href":"https:\/\/giurgiu-net.ro\/index.php\/wp-json\/wp\/v2\/posts"}],"about":[{"href":"https:\/\/giurgiu-net.ro\/index.php\/wp-json\/wp\/v2\/types\/post"}],"author":[{"embeddable":true,"href":"https:\/\/giurgiu-net.ro\/index.php\/wp-json\/wp\/v2\/users\/1"}],"replies":[{"embeddable":true,"href":"https:\/\/giurgiu-net.ro\/index.php\/wp-json\/wp\/v2\/comments?post=52580"}],"version-history":[{"count":0,"href":"https:\/\/giurgiu-net.ro\/index.php\/wp-json\/wp\/v2\/posts\/52580\/revisions"}],"wp:featuredmedia":[{"embeddable":true,"href":"https:\/\/giurgiu-net.ro\/index.php\/wp-json\/"}],"wp:attachment":[{"href":"https:\/\/giurgiu-net.ro\/index.php\/wp-json\/wp\/v2\/media?parent=52580"}],"wp:term":[{"taxonomy":"category","embeddable":true,"href":"https:\/\/giurgiu-net.ro\/index.php\/wp-json\/wp\/v2\/categories?post=52580"},{"taxonomy":"post_tag","embeddable":true,"href":"https:\/\/giurgiu-net.ro\/index.php\/wp-json\/wp\/v2\/tags?post=52580"}],"curies":[{"name":"wp","href":"https:\/\/api.w.org\/{rel}","templated":true}]}}