{"id":52208,"date":"2017-05-03T10:56:45","date_gmt":"2017-05-03T07:56:45","guid":{"rendered":"http:\/\/giurgiu-net.ro\/?p=52208"},"modified":"2017-05-03T10:56:45","modified_gmt":"2017-05-03T07:56:45","slug":"premiera-la-giurgiu-linie-de-garda-la-serviciul-de-medicina-legala","status":"publish","type":"post","link":"https:\/\/giurgiu-net.ro\/index.php\/2017\/05\/03\/premiera-la-giurgiu-linie-de-garda-la-serviciul-de-medicina-legala\/","title":{"rendered":"Linie de gard\u0103 la Serviciul de Medicin\u0103 Legal\u0103 Giurgiu"},"content":{"rendered":"<p><!--more--><\/p>\n<p>Unul dintre proiectele de hot\u0103r\u00e2re adoptate de c\u0103tre consilierii jude\u0163eni, \u00een cea mai recent\u0103 \u015fedin\u0163\u0103, vizeaz\u0103 aceast\u0103 m\u0103sur\u0103 despre care pre\u015fedintele CJ Giurgiu, Marian Mina, a notat pe pagina sa de Facebook:<\/p>\n<p><em>&#8222;Pe l\u00e2ng\u0103 proiectele \u00eenscrise pe ordinea de zi ini\u0163ial\u0103 a \u015fedin\u0163ei Consiliului Jude\u0163ean de vineri, 28 aprilie, consilierii au mai luat \u00een discu\u0163ie \u015fi dou\u0103 puncte suplimentare. Unul dintre acestea vizeaz\u0103 \u00eenfiin\u0163area unei linii de gard\u0103 la Serviciul de Medicin\u0103 Legal\u0103 din Spitalul Jude\u0163ean Giurgiu.<\/em><br \/>\n<em> Propunerea a fost aprobat\u0103 cu unanimitate de voturi, astfel c\u0103, din mai, la Serviciul de Medicin\u0103 Legal\u0103 va func\u0163iona o linie de gard\u0103!&#8221;<\/em>.<\/p>\n<p><img loading=\"lazy\" decoding=\"async\" class=\"aligncenter size-full wp-image-52209\" src=\"https:\/\/giurgiu-net.ro\/wp-content\/uploads\/2017\/05\/18275162_1331544880262818_7464825596024166128_n.jpg\" alt=\"\" width=\"960\" height=\"643\" \/><\/p>\n","protected":false},"excerpt":{"rendered":"","protected":false},"author":1,"featured_media":52209,"comment_status":"open","ping_status":"open","sticky":false,"template":"","format":"standard","meta":{"slim_seo":{"title":"Linie de gard\u0103 la Serviciul de Medicin\u0103 Legal\u0103 Giurgiu - GIURGIU NET","description":"Unul dintre proiectele de hot\u0103r\u00e2re adoptate de c\u0103tre consilierii jude\u0163eni, \u00een cea mai recent\u0103 \u015fedin\u0163\u0103, vizeaz\u0103 aceast\u0103 m\u0103sur\u0103 despre care pre\u015fedintele CJ Giurgi"},"footnotes":""},"categories":[18,26],"tags":[606,1626,2494],"class_list":{"0":"post-52208","1":"post","2":"type-post","3":"status-publish","4":"format-standard","5":"has-post-thumbnail","7":"category-actual","8":"category-soc","9":"tag-cj-giurgiu","10":"tag-marian-mina","11":"tag-sju-giurgiu"},"_links":{"self":[{"href":"https:\/\/giurgiu-net.ro\/index.php\/wp-json\/wp\/v2\/posts\/52208","targetHints":{"allow":["GET"]}}],"collection":[{"href":"https:\/\/giurgiu-net.ro\/index.php\/wp-json\/wp\/v2\/posts"}],"about":[{"href":"https:\/\/giurgiu-net.ro\/index.php\/wp-json\/wp\/v2\/types\/post"}],"author":[{"embeddable":true,"href":"https:\/\/giurgiu-net.ro\/index.php\/wp-json\/wp\/v2\/users\/1"}],"replies":[{"embeddable":true,"href":"https:\/\/giurgiu-net.ro\/index.php\/wp-json\/wp\/v2\/comments?post=52208"}],"version-history":[{"count":0,"href":"https:\/\/giurgiu-net.ro\/index.php\/wp-json\/wp\/v2\/posts\/52208\/revisions"}],"wp:featuredmedia":[{"embeddable":true,"href":"https:\/\/giurgiu-net.ro\/index.php\/wp-json\/"}],"wp:attachment":[{"href":"https:\/\/giurgiu-net.ro\/index.php\/wp-json\/wp\/v2\/media?parent=52208"}],"wp:term":[{"taxonomy":"category","embeddable":true,"href":"https:\/\/giurgiu-net.ro\/index.php\/wp-json\/wp\/v2\/categories?post=52208"},{"taxonomy":"post_tag","embeddable":true,"href":"https:\/\/giurgiu-net.ro\/index.php\/wp-json\/wp\/v2\/tags?post=52208"}],"curies":[{"name":"wp","href":"https:\/\/api.w.org\/{rel}","templated":true}]}}