{"id":52199,"date":"2017-05-02T14:09:40","date_gmt":"2017-05-02T11:09:40","guid":{"rendered":"http:\/\/giurgiu-net.ro\/?p=52199"},"modified":"2017-05-02T14:09:40","modified_gmt":"2017-05-02T11:09:40","slug":"investitii-la-spitalul-judetean-de-urgenta-giurgiu-ce-cladiri-sunt-vizate","status":"publish","type":"post","link":"https:\/\/giurgiu-net.ro\/index.php\/2017\/05\/02\/investitii-la-spitalul-judetean-de-urgenta-giurgiu-ce-cladiri-sunt-vizate\/","title":{"rendered":"Investi\u0163ii la Spitalul Jude\u0163ean de Urgen\u0163\u0103 Giurgiu. Ce cl\u0103diri sunt vizate?"},"content":{"rendered":"<p><!--more--><\/p>\n<p>Dup\u0103 anun\u0163ul f\u0103cut, joi, 27 aprilie, de c\u0103tre pre\u015fedintele Consiliului Jude\u0163ean(CJ) Giurgiu, Marian Mina, cu privire la ob\u0163inerea unor fonduri europene pentru Unitatea de Primiri Urgen\u0163e a Spitalului Jude\u0163ean, vineri, 28 aprilie, consilierii jude\u0163eni au aprobat un alt proiect referitor la unitatea sanitar\u0103 giurgiuvean\u0103.<\/p>\n<p>Este vorba despre un proiect pentru reabilitarea, modernizarea \u015fi dotarea pavilionului administrativ. Deocamdat\u0103, a fost aprobat\u0103 doar documenta\u0163ia tehnico-economic\u0103 iar sumele ar urma s\u0103 fie suportate din bugetul jude\u0163ului.<\/p>\n<p>\u00cen referatul ce \u00eenso\u0163e\u015fte proiectul de hot\u0103r\u00e2re, se arat\u0103 c\u0103, \u00een cadrul SJU Giurgiu se afl\u0103 corpul C3- Pavilion administrativ, Ambulan\u0163\u0103, Cabinet stomatologic, corp de cl\u0103dire ce nu a beneficiat de repara\u0163ii capitale \u00een ultimii 40 de ani.<\/p>\n<p>Pe pagina de Facebook a CJ Giurgiu se arat\u0103 c\u0103, printre lucr\u0103rile ce vor fi efectuate acolo se num\u0103r\u0103: consolidarea cl\u0103dirii, c\u0103m\u0103\u015fuili la pere\u0163ii exteriori, dar \u015fi pe interior, refacerea tencuielilor, realizarea termoizola\u0163iei, schimbarea t\u00e2mpl\u0103riei, modernizarea instala\u0163iilor termice \u015fi electrice \u015fi a\u015fa mai departe. De asemenea, autorit\u0103\u0163ile jude\u0163ene vor \u015fi dotarea cu mobilier a spa\u0163iilor din pavilionul respectiv.<\/p>\n<p>Un alt proiect aprobat vinerea trecut\u0103 de ale\u015fii jude\u0163eni se refer\u0103 la documenta\u0163ia tehnico-economic\u0103 pentru obiectivul \u201erepara\u0163ie capital\u0103 sec\u0163ia exterioar\u0103 a Spitalului de Psihiatrie Vadu-Lat\u201d.<img loading=\"lazy\" decoding=\"async\" class=\"aligncenter size-full wp-image-52200\" src=\"https:\/\/giurgiu-net.ro\/wp-content\/uploads\/2017\/05\/vadu-lat-1.png\" alt=\"\" width=\"772\" height=\"501\" \/> <img loading=\"lazy\" decoding=\"async\" class=\"aligncenter size-full wp-image-52201\" src=\"https:\/\/giurgiu-net.ro\/wp-content\/uploads\/2017\/05\/vadu-lat-2.jpg\" alt=\"\" width=\"743\" height=\"503\" \/><\/p>\n<p>Proiectul poate fi studiat AICI:\u00a0<a href=\"https:\/\/www.cjgiurgiu.ro\/portal\/giurgiu\/cj\/Stiri.nsf\/All\/426E834FB808E896C225810D003D3C27\/$FILE\/punctul%20nr.6.PDF\" target=\"_blank\" rel=\"noopener noreferrer\">https:\/\/www.cjgiurgiu.ro\/portal\/giurgiu\/cj\/Stiri.nsf\/All\/426E834FB808E896C225810D003D3C27\/$FILE\/punctul%20nr.6.PDF<\/a><\/p>\n","protected":false},"excerpt":{"rendered":"","protected":false},"author":1,"featured_media":52203,"comment_status":"open","ping_status":"open","sticky":false,"template":"","format":"standard","meta":{"slim_seo":{"title":"Investi\u0163ii la Spitalul Jude\u0163ean de Urgen\u0163\u0103 Giurgiu. Ce cl\u0103diri sunt vizate? - GIURGIU NET","description":"Dup\u0103 anun\u0163ul f\u0103cut, joi, 27 aprilie, de c\u0103tre pre\u015fedintele Consiliului Jude\u0163ean(CJ) Giurgiu, Marian Mina, cu privire la ob\u0163inerea unor fonduri europene pentru U"},"footnotes":""},"categories":[18,26,28],"tags":[606,1626,2494],"class_list":{"0":"post-52199","1":"post","2":"type-post","3":"status-publish","4":"format-standard","5":"has-post-thumbnail","7":"category-actual","8":"category-soc","9":"category-uo","10":"tag-cj-giurgiu","11":"tag-marian-mina","12":"tag-sju-giurgiu"},"_links":{"self":[{"href":"https:\/\/giurgiu-net.ro\/index.php\/wp-json\/wp\/v2\/posts\/52199","targetHints":{"allow":["GET"]}}],"collection":[{"href":"https:\/\/giurgiu-net.ro\/index.php\/wp-json\/wp\/v2\/posts"}],"about":[{"href":"https:\/\/giurgiu-net.ro\/index.php\/wp-json\/wp\/v2\/types\/post"}],"author":[{"embeddable":true,"href":"https:\/\/giurgiu-net.ro\/index.php\/wp-json\/wp\/v2\/users\/1"}],"replies":[{"embeddable":true,"href":"https:\/\/giurgiu-net.ro\/index.php\/wp-json\/wp\/v2\/comments?post=52199"}],"version-history":[{"count":0,"href":"https:\/\/giurgiu-net.ro\/index.php\/wp-json\/wp\/v2\/posts\/52199\/revisions"}],"wp:featuredmedia":[{"embeddable":true,"href":"https:\/\/giurgiu-net.ro\/index.php\/wp-json\/"}],"wp:attachment":[{"href":"https:\/\/giurgiu-net.ro\/index.php\/wp-json\/wp\/v2\/media?parent=52199"}],"wp:term":[{"taxonomy":"category","embeddable":true,"href":"https:\/\/giurgiu-net.ro\/index.php\/wp-json\/wp\/v2\/categories?post=52199"},{"taxonomy":"post_tag","embeddable":true,"href":"https:\/\/giurgiu-net.ro\/index.php\/wp-json\/wp\/v2\/tags?post=52199"}],"curies":[{"name":"wp","href":"https:\/\/api.w.org\/{rel}","templated":true}]}}