{"id":52179,"date":"2017-05-02T11:24:42","date_gmt":"2017-05-02T08:24:42","guid":{"rendered":"http:\/\/giurgiu-net.ro\/?p=52179"},"modified":"2017-05-02T11:24:42","modified_gmt":"2017-05-02T08:24:42","slug":"la-multi-ani-de-ziua-tineretului-ce-mesaje-le-transmit-politicienii-giurgiuveni-tinerilor-nostri","status":"publish","type":"post","link":"https:\/\/giurgiu-net.ro\/index.php\/2017\/05\/02\/la-multi-ani-de-ziua-tineretului-ce-mesaje-le-transmit-politicienii-giurgiuveni-tinerilor-nostri\/","title":{"rendered":"La Mul\u0163i Ani, de Ziua Tineretului! Ce mesaje le transmit politicienii giurgiuveni tinerilor no\u015ftri?"},"content":{"rendered":"<p><!--more--><\/p>\n<p>Senatorul Niculae B\u0103d\u0103l\u0103u: <em>&#8221;\u00a0La mul\u021bi ani tinerilor, la mul\u021bi ani celor cu suflet t\u00e2n\u0103r, la mul\u021bi ani de 2 Mai, Ziua a Na\u021bional\u0103 Tineretului!&#8221;<\/em><\/p>\n<p><img loading=\"lazy\" decoding=\"async\" class=\"aligncenter size-full wp-image-52180\" src=\"https:\/\/giurgiu-net.ro\/wp-content\/uploads\/2017\/05\/12.jpg\" alt=\"\" width=\"960\" height=\"642\" \/><\/p>\n<p>Pre\u015fedintele PSD Giurgiu, Marian Mina: <em>&#8221;\u00a0De Ziua Na\u0163ional\u0103 a Tineretului v\u0103 urez s\u0103 ave\u0163i parte de succese \u00een tot ceea ce v\u0103 dori\u0163i! S\u0103 v\u0103 bucura\u021bi de fiecare clip\u0103 din via\u0163\u0103, s\u0103 lupta\u0163i mereu pentru visurile voastre! La mul\u0163i ani tuturor celor care sunt tineri, simt \u015fi g\u00e2ndesc \u00een spirit tineresc!&#8221;<\/em><\/p>\n<p><img loading=\"lazy\" decoding=\"async\" class=\"aligncenter size-full wp-image-52181\" src=\"https:\/\/giurgiu-net.ro\/wp-content\/uploads\/2017\/05\/6.jpg\" alt=\"\" width=\"960\" height=\"636\" \/><\/p>\n<p>Deputatul Elena Dinu: <em>&#8222;Tuturor tinerilor no\u015ftri excep\u0163ionali, ambi\u0163io\u015fi, curajo\u015fi \u015fi respectuo\u015fi le mul\u0163umesc pentru tot ceea ce ne \u00eenva\u0163\u0103 zilnic \u015fi le doresc succes pe toate planurile!\u00a0S\u0103 ave\u0163i o via\u0163\u0103 frumoas\u0103 \u015fi s\u0103 trece\u0163i cu bine peste toate obstacolele!\u00a0Noi, p\u0103rin\u0163ii, bunicii, prietenii vo\u015ftri, v\u0103 vom fi mereu al\u0103turi!\u00a0La Mul\u0163i Ani, de Ziua Na\u0163ional\u0103 a Tineretului!&#8221;<\/em><\/p>\n<p><img loading=\"lazy\" decoding=\"async\" class=\"aligncenter size-full wp-image-52182\" src=\"https:\/\/giurgiu-net.ro\/wp-content\/uploads\/2017\/05\/elena-1.jpg\" alt=\"\" width=\"800\" height=\"530\" \/><\/p>\n<p>Deputatul Alexandru Andrei:<em>&#8222;Astazi este Ziua Tineretului, ocazie perfecta pentru a le multumi tinerilor mei colegi si prieteni din organizatia TSD Giurgiu, care mi-au fost mereu alaturi. LA MULTI ANI, tuturor tinerilor!&#8221;<\/em><\/p>\n<p><img loading=\"lazy\" decoding=\"async\" class=\"aligncenter size-full wp-image-52183\" src=\"https:\/\/giurgiu-net.ro\/wp-content\/uploads\/2017\/05\/alex.jpg\" alt=\"\" width=\"526\" height=\"394\" \/><\/p>\n<p>&nbsp;<\/p>\n","protected":false},"excerpt":{"rendered":"","protected":false},"author":1,"featured_media":52184,"comment_status":"open","ping_status":"open","sticky":false,"template":"","format":"standard","meta":{"slim_seo":{"title":"La Mul\u0163i Ani, de Ziua Tineretului! Ce mesaje le transmit politicienii giurgiuveni tinerilor no\u015ftri? - GIURGIU NET","description":"Senatorul Niculae B\u0103d\u0103l\u0103u: \"\u00a0La mul\u021bi ani tinerilor, la mul\u021bi ani celor cu suflet t\u00e2n\u0103r, la mul\u021bi ani de 2 Mai, Ziua a Na\u021bional\u0103 Tineretului!\" Pre\u015fedintele PSD"},"footnotes":""},"categories":[18,26],"tags":[2858],"class_list":{"0":"post-52179","1":"post","2":"type-post","3":"status-publish","4":"format-standard","5":"has-post-thumbnail","7":"category-actual","8":"category-soc","9":"tag-ziua-tineretului"},"_links":{"self":[{"href":"https:\/\/giurgiu-net.ro\/index.php\/wp-json\/wp\/v2\/posts\/52179","targetHints":{"allow":["GET"]}}],"collection":[{"href":"https:\/\/giurgiu-net.ro\/index.php\/wp-json\/wp\/v2\/posts"}],"about":[{"href":"https:\/\/giurgiu-net.ro\/index.php\/wp-json\/wp\/v2\/types\/post"}],"author":[{"embeddable":true,"href":"https:\/\/giurgiu-net.ro\/index.php\/wp-json\/wp\/v2\/users\/1"}],"replies":[{"embeddable":true,"href":"https:\/\/giurgiu-net.ro\/index.php\/wp-json\/wp\/v2\/comments?post=52179"}],"version-history":[{"count":0,"href":"https:\/\/giurgiu-net.ro\/index.php\/wp-json\/wp\/v2\/posts\/52179\/revisions"}],"wp:featuredmedia":[{"embeddable":true,"href":"https:\/\/giurgiu-net.ro\/index.php\/wp-json\/"}],"wp:attachment":[{"href":"https:\/\/giurgiu-net.ro\/index.php\/wp-json\/wp\/v2\/media?parent=52179"}],"wp:term":[{"taxonomy":"category","embeddable":true,"href":"https:\/\/giurgiu-net.ro\/index.php\/wp-json\/wp\/v2\/categories?post=52179"},{"taxonomy":"post_tag","embeddable":true,"href":"https:\/\/giurgiu-net.ro\/index.php\/wp-json\/wp\/v2\/tags?post=52179"}],"curies":[{"name":"wp","href":"https:\/\/api.w.org\/{rel}","templated":true}]}}