{"id":52112,"date":"2017-04-27T17:42:28","date_gmt":"2017-04-27T14:42:28","guid":{"rendered":"http:\/\/giurgiu-net.ro\/?p=52112"},"modified":"2017-04-27T17:42:28","modified_gmt":"2017-04-27T14:42:28","slug":"pamflet-n-o-sa-va-vina-sa-credeti-cine-l-scoate-presadinte-pe-anton-la-pnl-giurgiu-ia-cititi-aici","status":"publish","type":"post","link":"https:\/\/giurgiu-net.ro\/index.php\/2017\/04\/27\/pamflet-n-o-sa-va-vina-sa-credeti-cine-l-scoate-presadinte-pe-anton-la-pnl-giurgiu-ia-cititi-aici\/","title":{"rendered":"PAMFLET: N-o s\u0103 v\u0103 vin\u0103 s\u0103 crede\u0163i cine-l scoate \u201epre\u015f\u0103d\u00eente\u201d pe Anton, la PNL Giurgiu! Ia citi\u0163i aici!"},"content":{"rendered":"<p><!--more-->Sunt sigur\u0103 c\u0103 a\u0163i auzit c\u0103, de fiecare dat\u0103 c\u00e2nd apare Marin Anton \u00een satele din jude\u0163ul Giurgiu, le\u015fin\u0103 babele de at\u00e2ta emo\u0163ie, mo\u015fii devin hiperactivi, arunc\u0103 bastoanele \u015fi sar s\u0103-l pupe, iar dup-aia-l scuip\u0103 desigur(unii zic c\u0103&#8230; ca s\u0103 nu-l deoache, deh).<\/p>\n<p>Fetele asudate, g\u00e2f\u00e2ind a&#8230; sap\u0103 de lemn, \u0163ip\u0103 isterice ca s\u0103 fie observate, \u00een timp ce fl\u0103c\u0103ii dorm cu poza lui sub pern\u0103 \u015fi-l pup\u0103 diminea\u0163a \u015fi seara, pentru &#8222;noroc&#8221;. <em>Pentru c\u0103 nu ar \u00eenc\u0103pea pe tot site-ul \u0103sta s\u0103 zicem c\u00e2te &#8222;lucruri fantastice&#8221; a f\u0103cut el pentru comunele giurgiuvene&#8230;<\/em><\/p>\n<p>\u00cen municipiu? E \u015fi mai \u015fi! Cam ca la Oscaruri, a\u015fa, c\u00e2nd apare DiCaprio cu ficatu\u2019 de bizon \u00eentr-o m\u00e2n\u0103 \u015fi cu chilo\u0163ii din blan\u0103 de iepura\u015f \u00een alta. B\u0103i, se t\u0103v\u0103lesc femeile, se scuip\u0103, se p\u0103ruiesc ca s\u0103-l ating\u0103, b\u0103rba\u0163ii vor s\u0103 pun\u0103 portofelele pe el ca s\u0103 se ia(doamne fere\u015fte!), iar copiii pl\u00e2ng cu muci pentru un autograf. <em>Pentru c\u0103 nu ar \u00eenc\u0103pea \u00een galaxie c\u00e2te &#8222;lucruri extraordinare&#8221; a f\u0103cut el pentru municipiu&#8230;<\/em><\/p>\n<p>Dar nu v-am zis de primarii giurgiuveni. E, ei au \u00een beci altare \u00eentregi cu poze cu el. Cu el de la protestele \u00eempotriva sa etc., dar preferate sunt alea de la ANI \u015fi DIICOT.<\/p>\n<p>\u015ei pre\u015fedin\u0163ii de organiza\u0163ii ale PNL?! \u0102ia mor cu el de g\u00e2t, m\u0103 rog, mor p\u00e2n\u0103 nu-l scot pre\u015fedinte la PNL Giurgiu, auzi?\u00a0\u015ei va ie\u015fi, m\u0103, va ie\u015fi, pentru c\u0103 cei mai puternici sunt cu el!<\/p>\n<p>Da: organiza\u0163iile PNL din <strong>M\u00e2r\u015fa, Vedea \u015fi Clejani*<\/strong> au armele cele mai ale dracului, au \u201cbombe\u201d nu alta, au tot ce le trebuie\u00a0\u015fi, ce e cel mai important:<strong> lipsesc cu des\u0103v\u00e2r\u015fire.<\/strong><\/p>\n<p>E, draci! V\u0103 mai spun o dat\u0103: Anton va ie\u015fi pre\u015fedinte la PNL Giurgiu cu sprijinul esen\u0163ial \u015fi uria\u015f al celor trei organiza\u0163ii PNL lips\u0103, la fel cum, de exemplu, Lucic\u0103 va mai ie\u015fi o dat\u0103 primar, cu miile de voturi din Ramadan, Sloboziei, Alexandriei etc., sau cum Danciu va fi purt\u0103tor de cuv\u00e2nt la PSD, Gavril\u0103 va fi ministrul al Culturii, Buduru \u00ee\u015fi face muzeu acas\u0103, iar Beianu?\u00a0Pre\u015fedinteeeee.<\/p>\n<p>Sf\u00e2r\u015fit<\/p>\n<p><strong>Acesta este un pamflet \u015fi trebuie tratat ca atare<\/strong><\/p>\n<p>* Cu doar c\u00e2teva zile \u00eenainte de alegerile de la jude\u0163, PNL nu are organiza\u0163ii \u00een mai multe comune giurgiuvene, printre care M\u00e2r\u015fa, Vedea \u015fi Clejani.<\/p>\n<p>&nbsp;<\/p>\n","protected":false},"excerpt":{"rendered":"","protected":false},"author":1,"featured_media":52113,"comment_status":"open","ping_status":"open","sticky":false,"template":"","format":"standard","meta":{"slim_seo":{"title":"PAMFLET: N-o s\u0103 v\u0103 vin\u0103 s\u0103 crede\u0163i cine-l scoate \u201epre\u015f\u0103d\u00eente\u201d pe Anton, la PNL Giurgiu! Ia citi\u0163i aici! - GIURGIU NET","description":"Sunt sigur\u0103 c\u0103 a\u0163i auzit c\u0103, de fiecare dat\u0103 c\u00e2nd apare Marin Anton \u00een satele din jude\u0163ul Giurgiu, le\u015fin\u0103 babele de at\u00e2ta emo\u0163ie, mo\u015fii devin hiperactivi, arunc"},"footnotes":""},"categories":[18,23,25],"tags":[1634,2027],"class_list":{"0":"post-52112","1":"post","2":"type-post","3":"status-publish","4":"format-standard","5":"has-post-thumbnail","7":"category-actual","8":"category-pam","9":"category-pol","10":"tag-marin-anton","11":"tag-pnl-giurgiu"},"_links":{"self":[{"href":"https:\/\/giurgiu-net.ro\/index.php\/wp-json\/wp\/v2\/posts\/52112","targetHints":{"allow":["GET"]}}],"collection":[{"href":"https:\/\/giurgiu-net.ro\/index.php\/wp-json\/wp\/v2\/posts"}],"about":[{"href":"https:\/\/giurgiu-net.ro\/index.php\/wp-json\/wp\/v2\/types\/post"}],"author":[{"embeddable":true,"href":"https:\/\/giurgiu-net.ro\/index.php\/wp-json\/wp\/v2\/users\/1"}],"replies":[{"embeddable":true,"href":"https:\/\/giurgiu-net.ro\/index.php\/wp-json\/wp\/v2\/comments?post=52112"}],"version-history":[{"count":0,"href":"https:\/\/giurgiu-net.ro\/index.php\/wp-json\/wp\/v2\/posts\/52112\/revisions"}],"wp:featuredmedia":[{"embeddable":true,"href":"https:\/\/giurgiu-net.ro\/index.php\/wp-json\/"}],"wp:attachment":[{"href":"https:\/\/giurgiu-net.ro\/index.php\/wp-json\/wp\/v2\/media?parent=52112"}],"wp:term":[{"taxonomy":"category","embeddable":true,"href":"https:\/\/giurgiu-net.ro\/index.php\/wp-json\/wp\/v2\/categories?post=52112"},{"taxonomy":"post_tag","embeddable":true,"href":"https:\/\/giurgiu-net.ro\/index.php\/wp-json\/wp\/v2\/tags?post=52112"}],"curies":[{"name":"wp","href":"https:\/\/api.w.org\/{rel}","templated":true}]}}