{"id":51557,"date":"2017-04-05T12:25:57","date_gmt":"2017-04-05T09:25:57","guid":{"rendered":"http:\/\/giurgiu-net.ro\/?p=51557"},"modified":"2017-04-05T12:25:57","modified_gmt":"2017-04-05T09:25:57","slug":"legea-salarizarii-unitare-cu-cat-vor-creste-veniturile-romanilor","status":"publish","type":"post","link":"https:\/\/giurgiu-net.ro\/index.php\/2017\/04\/05\/legea-salarizarii-unitare-cu-cat-vor-creste-veniturile-romanilor\/","title":{"rendered":"LEGEA SALARIZ\u0102RII UNITARE: Cu c\u00e2t vor cre\u015fte veniturile rom\u00e2nilor?"},"content":{"rendered":"<p>Proiectul Legii salariz\u0103rii unitare a fost finalizat \u015fi ar putea intra \u00een vigoare la 1 iulie 2017, anun\u0163\u0103 reprezentan\u0163ii PSD. Liderul Liviu Dragnea a declarat, recent, c\u0103 proiectul de lege <strong>va fi semnat joi, 6 aprilie, \u00een cadrul Comitetului Executiv al PSD de c\u0103tre liderii coali\u0163iei \u015fi parlamentari.<\/strong><!--more--><\/p>\n<p><em><img loading=\"lazy\" decoding=\"async\" class=\"aligncenter size-full wp-image-51568\" src=\"https:\/\/giurgiu-net.ro\/wp-content\/uploads\/2017\/04\/dragnea.jpg\" alt=\"\" width=\"956\" height=\"754\" \/>&#8222;Joi vom semna legea ca initiativa parlamentara, premierul si ministrul Muncii mi-au zis ca cea mai buna varianta este sa o transformam in initiativa parlamentara pentru a castiga timp. Un proiect al Guvernului inseamna 30 de zile de dezbateri, dupa care vine tot in Parlament. Cel mai bine este ca discutiile sa aiba loc in comisiile de specialitate. Am lucrat in ultimele trei saptamani impreuna cu premierul, cu Olguta Vasilescu, cu Sevil Shhaideh, cu Viorel Stefan si va pot spune ca astazi proiectul de lege este gata. Joi va fi semnat si de parlamentari, o sa il invit si pe domnul Tariceanu sa vina la Sinaia ca sa semnam impreuna acest proiect de lege&#8221;,\u00a0<\/em>a spus\u00a0Liviu Dragnea.<\/p>\n<p>La r\u00e2ndul s\u0103u, pre\u015fedintele PSD Giurgiu, <strong>Marian Min<\/strong>a, explic\u0103 pe pagina sa de Facebook:<img loading=\"lazy\" decoding=\"async\" class=\"aligncenter size-full wp-image-51386\" src=\"https:\/\/giurgiu-net.ro\/wp-content\/uploads\/2017\/03\/DSC_0052.jpg\" alt=\"\" width=\"530\" height=\"800\" \/><\/p>\n<p><em>&#8222;Va exista un singur salariu minim pe economie, f\u0103r\u0103 diferen\u021be \u00eentre privat \u0219i stat, a\u0219a cum este prev\u0103zut \u0219i \u00een programul de guvernare. La momentul actual acesta este de 1.450 de lei, la 1 ianuarie 2018 va fi de 1.550 de lei, urm\u00e2nd ca \u00een fiecare an s\u0103 creasc\u0103 cu c\u00e2te 100 de lei.\u00a0<a href=\"https:\/\/www.facebook.com\/hashtag\/legea?source=feed_text&amp;story_id=1301536573263649\" data-ft=\"{&quot;tn&quot;:&quot;*N&quot;,&quot;type&quot;:104}\">#Legea<\/a>\u00a0salariz\u0103rii avantajeaz\u0103 foarte mult medicii \u0219i corecteaz\u0103 salariile din armat\u0103. Mai multe detalii, pentru fiecare profesie \u00een parte, mai jos<\/em>:<\/p>\n<p><img loading=\"lazy\" decoding=\"async\" class=\"aligncenter wp-image-51558 size-full\" src=\"https:\/\/giurgiu-net.ro\/wp-content\/uploads\/2017\/04\/1.jpg\" alt=\"\" width=\"350\" height=\"247\" \/> <img loading=\"lazy\" decoding=\"async\" class=\"aligncenter size-full wp-image-51559\" src=\"https:\/\/giurgiu-net.ro\/wp-content\/uploads\/2017\/04\/2.jpg\" alt=\"\" width=\"960\" height=\"678\" \/> <img loading=\"lazy\" decoding=\"async\" class=\"aligncenter size-full wp-image-51560\" src=\"https:\/\/giurgiu-net.ro\/wp-content\/uploads\/2017\/04\/3.jpg\" alt=\"\" width=\"960\" height=\"678\" \/> <img loading=\"lazy\" decoding=\"async\" class=\"aligncenter size-full wp-image-51561\" src=\"https:\/\/giurgiu-net.ro\/wp-content\/uploads\/2017\/04\/4.jpg\" alt=\"\" width=\"960\" height=\"678\" \/> <img loading=\"lazy\" decoding=\"async\" class=\"aligncenter size-full wp-image-51562\" src=\"https:\/\/giurgiu-net.ro\/wp-content\/uploads\/2017\/04\/5.jpg\" alt=\"\" width=\"960\" height=\"678\" \/> <img loading=\"lazy\" decoding=\"async\" class=\"aligncenter size-full wp-image-51563\" src=\"https:\/\/giurgiu-net.ro\/wp-content\/uploads\/2017\/04\/6.jpg\" alt=\"\" width=\"960\" height=\"678\" \/> <img loading=\"lazy\" decoding=\"async\" class=\"aligncenter size-full wp-image-51564\" src=\"https:\/\/giurgiu-net.ro\/wp-content\/uploads\/2017\/04\/7.jpg\" alt=\"\" width=\"960\" height=\"678\" \/> <img loading=\"lazy\" decoding=\"async\" class=\"aligncenter size-full wp-image-51565\" src=\"https:\/\/giurgiu-net.ro\/wp-content\/uploads\/2017\/04\/8.jpg\" alt=\"\" width=\"960\" height=\"678\" \/> <img loading=\"lazy\" decoding=\"async\" class=\"aligncenter size-full wp-image-51566\" src=\"https:\/\/giurgiu-net.ro\/wp-content\/uploads\/2017\/04\/9.jpg\" alt=\"\" width=\"960\" height=\"678\" \/> <img loading=\"lazy\" decoding=\"async\" class=\"aligncenter size-full wp-image-51567\" src=\"https:\/\/giurgiu-net.ro\/wp-content\/uploads\/2017\/04\/10.jpg\" alt=\"\" width=\"960\" height=\"678\" \/><\/p>\n","protected":false},"excerpt":{"rendered":"<p>Proiectul Legii salariz\u0103rii unitare a fost finalizat \u015fi ar putea intra \u00een vigoare la 1 iulie 2017, anun\u0163\u0103 reprezentan\u0163ii PSD. Liderul Liviu Dragnea a declarat, recent, c\u0103 proiectul de lege va fi semnat joi, 6 aprilie, \u00een cadrul Comitetului Executiv al PSD de c\u0103tre liderii coali\u0163iei \u015fi parlamentari.<\/p>\n","protected":false},"author":1,"featured_media":51569,"comment_status":"open","ping_status":"open","sticky":false,"template":"","format":"standard","meta":{"slim_seo":{"title":"LEGEA SALARIZ\u0102RII UNITARE: Cu c\u00e2t vor cre\u015fte veniturile rom\u00e2nilor? - GIURGIU NET","description":"Proiectul Legii salariz\u0103rii unitare a fost finalizat \u015fi ar putea intra \u00een vigoare la 1 iulie 2017, anun\u0163\u0103 reprezentan\u0163ii PSD. Liderul Liviu Dragnea a declarat,"},"footnotes":""},"categories":[18,26,28],"tags":[1519,1554,1626],"class_list":["post-51557","post","type-post","status-publish","format-standard","has-post-thumbnail","category-actual","category-soc","category-uo","tag-legea-salarizarii-unice","tag-liviu-dragnea","tag-marian-mina"],"_links":{"self":[{"href":"https:\/\/giurgiu-net.ro\/index.php\/wp-json\/wp\/v2\/posts\/51557","targetHints":{"allow":["GET"]}}],"collection":[{"href":"https:\/\/giurgiu-net.ro\/index.php\/wp-json\/wp\/v2\/posts"}],"about":[{"href":"https:\/\/giurgiu-net.ro\/index.php\/wp-json\/wp\/v2\/types\/post"}],"author":[{"embeddable":true,"href":"https:\/\/giurgiu-net.ro\/index.php\/wp-json\/wp\/v2\/users\/1"}],"replies":[{"embeddable":true,"href":"https:\/\/giurgiu-net.ro\/index.php\/wp-json\/wp\/v2\/comments?post=51557"}],"version-history":[{"count":0,"href":"https:\/\/giurgiu-net.ro\/index.php\/wp-json\/wp\/v2\/posts\/51557\/revisions"}],"wp:attachment":[{"href":"https:\/\/giurgiu-net.ro\/index.php\/wp-json\/wp\/v2\/media?parent=51557"}],"wp:term":[{"taxonomy":"category","embeddable":true,"href":"https:\/\/giurgiu-net.ro\/index.php\/wp-json\/wp\/v2\/categories?post=51557"},{"taxonomy":"post_tag","embeddable":true,"href":"https:\/\/giurgiu-net.ro\/index.php\/wp-json\/wp\/v2\/tags?post=51557"}],"curies":[{"name":"wp","href":"https:\/\/api.w.org\/{rel}","templated":true}]}}