{"id":51424,"date":"2017-03-24T11:54:10","date_gmt":"2017-03-24T09:54:10","guid":{"rendered":"http:\/\/giurgiu-net.ro\/?p=51424"},"modified":"2017-03-24T11:54:10","modified_gmt":"2017-03-24T09:54:10","slug":"presedintele-cj-giurgiu-marian-mina-ne-punem-speranta-in-rectificarea-din-vara-ministrul-de-finante-ne-a-dat-un-semnal-pozitiv","status":"publish","type":"post","link":"https:\/\/giurgiu-net.ro\/index.php\/2017\/03\/24\/presedintele-cj-giurgiu-marian-mina-ne-punem-speranta-in-rectificarea-din-vara-ministrul-de-finante-ne-a-dat-un-semnal-pozitiv\/","title":{"rendered":"Pre\u015fedintele CJ Giurgiu, Marian Mina: Ne punem speran\u0163a \u00een rectificarea din var\u0103"},"content":{"rendered":"<p>Marian Mina a f\u0103cut aceast\u0103 afirma\u0163ie ieri, \u00een cadrul conferin\u0163ei de pres\u0103, \u00een contextul unei discu\u0163ii despre banii primi\u0163i de la Guvern pentru bugetul Consiliului Jude\u0163ean Giurgiu.<!--more--><\/p>\n<p><em>\u201eAm adoptat s\u0103pt\u0103m\u00e2na aceasta bugetul, nu este unul prea mare, dar l-am a\u015fteptat cu ner\u0103bdare \u015fi este binevenit. Dup\u0103 cum \u015fti\u0163i, avem 43 de milioane total din care 10,5 milioane pentru drumuri, peste 22 de milioane la subordonate \u015fi pentru echilibrare 11 milioane. \u00cei \u00een\u0163eleg pe primari, banii au fost pu\u0163ini, dar din p\u0103cate s-a mers tot pe o formul\u0103 de calcul ce nu a avantajat jude\u0163ul nostru. Din c\u00e2te cunosc, aceast\u0103 formul\u0103 ar putea fi schimbat\u0103 din 2018. Oricum, noi ne punem mari speran\u0163e \u00een rectificarea din var\u0103. Am trimis la Ministerul de Finan\u0163e, dar \u015fi la cel al Dezvolt\u0103rii un material ce cuprinde toate datoriile pe care le avem, \u00eemprumuturile pentru realizarea obiectivelor. Nu s-a luat \u00een calcul nici m\u0103rirea salariilor, dar ministrul de Finan\u0163e ne-a transmis c\u0103 la rectificare se va \u0163ine cont de ceea ce am prezentat\u201d<\/em>, a declarat Mina.<\/p>\n<p>\u00centrebat cum s-a concretizat \u00eent\u00e2lnirea recent\u0103 dintre ministrul Dezvolt\u0103rii, Sevil Shhaideh, \u015fi primarii giurgiuveni, pre\u015fedintele CJ Giurgiu a spus c\u0103, \u00een afar\u0103 de clarificarea unor aspecte din domeniul administrativ, edilii \u015fi-au prioritizat proiectele. Astfel, fiecare comun\u0103 are depuse la Ministerul Dezvolt\u0103rii, pentru finan\u0163\u0103ri pe Programul Na\u0163ional de Dezvoltare Local\u0103, c\u00e2te 2-3 proiecte de maxim\u0103 importan\u0163\u0103 pentru infrastructur\u0103 rutier\u0103, ap\u0103-canal, \u015fcoli \u015fi gr\u0103dini\u0163e \u015fi chiar iluminat public.<\/p>\n","protected":false},"excerpt":{"rendered":"<p>Marian Mina a f\u0103cut aceast\u0103 afirma\u0163ie ieri, \u00een cadrul conferin\u0163ei de pres\u0103, \u00een contextul unei discu\u0163ii despre banii primi\u0163i de la Guvern pentru bugetul Consiliului Jude\u0163ean Giurgiu.<\/p>\n","protected":false},"author":1,"featured_media":51425,"comment_status":"open","ping_status":"open","sticky":false,"template":"","format":"standard","meta":{"slim_seo":{"title":"Pre\u015fedintele CJ Giurgiu, Marian Mina: Ne punem speran\u0163a \u00een rectificarea din var\u0103 - GIURGIU NET","description":"Marian Mina a f\u0103cut aceast\u0103 afirma\u0163ie ieri, \u00een cadrul conferin\u0163ei de pres\u0103, \u00een contextul unei discu\u0163ii despre banii primi\u0163i de la Guvern pentru bugetul Consiliu"},"footnotes":""},"categories":[18,19],"tags":[606,1626],"class_list":{"0":"post-51424","1":"post","2":"type-post","3":"status-publish","4":"format-standard","5":"has-post-thumbnail","7":"category-actual","8":"category-adm","9":"tag-cj-giurgiu","10":"tag-marian-mina"},"_links":{"self":[{"href":"https:\/\/giurgiu-net.ro\/index.php\/wp-json\/wp\/v2\/posts\/51424","targetHints":{"allow":["GET"]}}],"collection":[{"href":"https:\/\/giurgiu-net.ro\/index.php\/wp-json\/wp\/v2\/posts"}],"about":[{"href":"https:\/\/giurgiu-net.ro\/index.php\/wp-json\/wp\/v2\/types\/post"}],"author":[{"embeddable":true,"href":"https:\/\/giurgiu-net.ro\/index.php\/wp-json\/wp\/v2\/users\/1"}],"replies":[{"embeddable":true,"href":"https:\/\/giurgiu-net.ro\/index.php\/wp-json\/wp\/v2\/comments?post=51424"}],"version-history":[{"count":0,"href":"https:\/\/giurgiu-net.ro\/index.php\/wp-json\/wp\/v2\/posts\/51424\/revisions"}],"wp:featuredmedia":[{"embeddable":true,"href":"https:\/\/giurgiu-net.ro\/index.php\/wp-json\/"}],"wp:attachment":[{"href":"https:\/\/giurgiu-net.ro\/index.php\/wp-json\/wp\/v2\/media?parent=51424"}],"wp:term":[{"taxonomy":"category","embeddable":true,"href":"https:\/\/giurgiu-net.ro\/index.php\/wp-json\/wp\/v2\/categories?post=51424"},{"taxonomy":"post_tag","embeddable":true,"href":"https:\/\/giurgiu-net.ro\/index.php\/wp-json\/wp\/v2\/tags?post=51424"}],"curies":[{"name":"wp","href":"https:\/\/api.w.org\/{rel}","templated":true}]}}