{"id":51402,"date":"2017-03-23T18:32:41","date_gmt":"2017-03-23T16:32:41","guid":{"rendered":"http:\/\/giurgiu-net.ro\/?p=51402"},"modified":"2017-03-23T18:32:41","modified_gmt":"2017-03-23T16:32:41","slug":"cine-vrea-iar-la-sefia-pnl-sau-cum-sa-ti-reperezi-singur-onoarea","status":"publish","type":"post","link":"https:\/\/giurgiu-net.ro\/index.php\/2017\/03\/23\/cine-vrea-iar-la-sefia-pnl-sau-cum-sa-ti-reperezi-singur-onoarea\/","title":{"rendered":"Cine vrea iar la \u015fefia PNL Giurgiu? Sau cum s\u0103-\u0163i reperezi singur onoarea"},"content":{"rendered":"<p><!--more-->Eu \u015ftiu o treab\u0103! \u015ei e una d-aia grea, cic\u0103 &#8222;de b\u0103rba\u0163i&#8221;, nu glum\u0103!<\/p>\n<p>Frate, c\u00e2nd \u00ee\u0163i dai demisia, mai ales p-aia de <strong>onoare<\/strong>, p\u0103i r\u0103m\u00e2i demn \u015fi te apuci de altceva! C\u0103 dac\u0103 te \u00eentorci, dup\u0103 nici 6 luni, imagin\u00e2ndu-\u0163i c\u0103 oamenii au uitat, acolo unde te-au scuipat unii, cum \u00ee\u0163i po\u0163i imagina \u00een acela\u015fi timp c-o s\u0103 te pupe pe bune? A\u015fa, \u00een fantezia ta, cum ar putea ar\u0103ta o echip\u0103 adev\u0103rat\u0103 \u00een atare condi\u0163ii?<\/p>\n<p>F\u0103r\u0103 sup\u0103rare, dar chestia asta miroase mai degrab\u0103 a poft\u0103 inexplicabil\u0103(?!) de a ocupa o func\u0163ie de conducere. Oriunde, oricum.\u00a0Nasol moment!<\/p>\n<p>Nu c\u0103 nu pot dormi io noaptea de grija PNL Giurgiu, dimpotriv\u0103, dar e imposibil s\u0103 nu dau cu pixu&#8217; c\u00e2nd v\u0103d cu c\u00e2t tupeu vorbesc peneli\u015ftii despre <em>reformarea clasei politice<\/em>&#8211; dar doar la al\u0163ii, despre <em>b\u0103rb\u0103\u0163ie politic\u0103<\/em>&#8211; dar doar la al\u0163ii, despre <em>tinerii frumo\u015fi \u015fi liberi<\/em>&#8211; dar s\u0103-i promoveze al\u0163ii.<\/p>\n<p>Acum, pe bune, cum s\u0103 nu zici ceva c\u00e2nd \u00ee\u0163i sar \u00een ochi PNL-i\u015ftii \u0103\u015ftia simpatici, dar care se bat\u00a0\u00eentre ei mai ceva dec\u00e2t\u00a0o fac cu adversarii politici? Doar ca s\u0103 fie \u015fefi. E? Cu ce armat\u0103? Cu ce tupeu \u015fi care onoare?<\/p>\n<p><em>Jur c\u0103 nu pricep: cum s\u0103-\u0163i dai demisia de onoare din func\u0163ia de pre\u015fedinte al PNL \u015fi, la doar c\u00e2teva luni, s\u0103 candidezi pentru aceea\u015fi func\u0163ie?\u00a0<\/em>Dac\u0103 nu se ocup\u0103 cineva rapid, o fac eu, promit: v\u0103 \u00eenscriu la o competi\u0163ie pentru Cartea Recordurilor,\u00a0cu pre\u0163ioasa\u00a0candidatur\u0103 la func\u0163ia de <strong><em>pre\u015fedinte<\/em><\/strong>. De orice&#8230; fel ar fi el.<\/p>\n<p>\u015ei cum era aia? &#8222;Da, domn&#8217; judec\u0103tor, onoarea mea,\u00a0s\u0103ru&#8217; m\u00e2na, nereperat\u0103, cum rem\u00e2ne?&#8221;<\/p>\n<p>E, las&#8217; c\u0103 mi-o reperez singur&#8230;<\/p>\n<p><em>Nedumerita<\/em><\/p>\n<p>&nbsp;<\/p>\n","protected":false},"excerpt":{"rendered":"","protected":false},"author":1,"featured_media":43893,"comment_status":"open","ping_status":"open","sticky":false,"template":"","format":"standard","meta":{"slim_seo":{"title":"Cine vrea iar la \u015fefia PNL Giurgiu? Sau cum s\u0103-\u0163i reperezi singur onoarea - GIURGIU NET","description":"Eu \u015ftiu o treab\u0103! \u015ei e una d-aia grea, cic\u0103 \"de b\u0103rba\u0163i\", nu glum\u0103! Frate, c\u00e2nd \u00ee\u0163i dai demisia, mai ales p-aia de onoare , p\u0103i r\u0103m\u00e2i demn \u015fi te apuci de altcev"},"footnotes":""},"categories":[18,20,25],"tags":[1004,2027],"class_list":{"0":"post-51402","1":"post","2":"type-post","3":"status-publish","4":"format-standard","5":"has-post-thumbnail","7":"category-actual","8":"category-edit","9":"category-pol","10":"tag-dumitru-beianu","11":"tag-pnl-giurgiu"},"_links":{"self":[{"href":"https:\/\/giurgiu-net.ro\/index.php\/wp-json\/wp\/v2\/posts\/51402","targetHints":{"allow":["GET"]}}],"collection":[{"href":"https:\/\/giurgiu-net.ro\/index.php\/wp-json\/wp\/v2\/posts"}],"about":[{"href":"https:\/\/giurgiu-net.ro\/index.php\/wp-json\/wp\/v2\/types\/post"}],"author":[{"embeddable":true,"href":"https:\/\/giurgiu-net.ro\/index.php\/wp-json\/wp\/v2\/users\/1"}],"replies":[{"embeddable":true,"href":"https:\/\/giurgiu-net.ro\/index.php\/wp-json\/wp\/v2\/comments?post=51402"}],"version-history":[{"count":0,"href":"https:\/\/giurgiu-net.ro\/index.php\/wp-json\/wp\/v2\/posts\/51402\/revisions"}],"wp:featuredmedia":[{"embeddable":true,"href":"https:\/\/giurgiu-net.ro\/index.php\/wp-json\/wp\/v2\/media\/43893"}],"wp:attachment":[{"href":"https:\/\/giurgiu-net.ro\/index.php\/wp-json\/wp\/v2\/media?parent=51402"}],"wp:term":[{"taxonomy":"category","embeddable":true,"href":"https:\/\/giurgiu-net.ro\/index.php\/wp-json\/wp\/v2\/categories?post=51402"},{"taxonomy":"post_tag","embeddable":true,"href":"https:\/\/giurgiu-net.ro\/index.php\/wp-json\/wp\/v2\/tags?post=51402"}],"curies":[{"name":"wp","href":"https:\/\/api.w.org\/{rel}","templated":true}]}}