{"id":51381,"date":"2017-03-23T14:27:40","date_gmt":"2017-03-23T12:27:40","guid":{"rendered":"http:\/\/giurgiu-net.ro\/?p=51381"},"modified":"2017-03-23T14:27:40","modified_gmt":"2017-03-23T12:27:40","slug":"elena-dinu-noul-purtator-de-cuvant-al-psd-giurgiu-am-reusit-sa-ducem-la-indeplinire-masurile-din-programul-de-guvernare-pentru-termenele-fixate","status":"publish","type":"post","link":"https:\/\/giurgiu-net.ro\/index.php\/2017\/03\/23\/elena-dinu-noul-purtator-de-cuvant-al-psd-giurgiu-am-reusit-sa-ducem-la-indeplinire-masurile-din-programul-de-guvernare-pentru-termenele-fixate\/","title":{"rendered":"Elena Dinu, noul purt\u0103tor de cuv\u00e2nt al PSD Giurgiu: \u201eAm reu\u015fit s\u0103 ducem la \u00eendeplinire m\u0103surile din Programul de Guvernare pentru termenele fixate\u201d"},"content":{"rendered":"<p>Elena Dinu a participat, joi, 23 martie, la conferin\u0163a de pres\u0103 a organiza\u0163iei jude\u0163ene a PSD, pentru prima oar\u0103 \u00een aceast\u0103 postur\u0103.<!--more--><\/p>\n<p>Deputatul social-democrat a vorbit despre c\u00e2teva dintre m\u0103surile adoptate de Guvernul Grindeanu, dar \u015fi despre proiectele de lege ce au trecut de Parlament, \u00een ultima perioad\u0103.<\/p>\n<p><em>\u201e\u00cen ciuda tuturor piedicilor puse acestui Guvern \u00eenc\u0103 de la \u00eenceput, chiar de la cel mai \u00eenalt nivel, am reu\u015fit s\u0103 ne ducem la \u00eendeplinire m\u0103surile din programul de guvernare pentru termenele fixate. Pe l\u00e2ng\u0103 m\u0103surile reparatorii luate \u00een ceea ce prive\u015fte cre\u015fterile de salarii \u015fi pensii (numite pe nemeritate de unii \u201epomeni\u201d, am aut grij\u0103 s\u0103 punem \u00een aplicare \u015fi m\u0103surile promise pentru mediul de afaceri. Iat\u0103 c\u00e2teva din cele bifate p\u00e2n\u0103 la 1 martie\u201d<\/em>, a spus Dinu amintind de: eliminarea <strong>impozitului pe venit<\/strong> pentru pensiile mai mici de 2000 de lei, sc\u0103derea <strong>impozitului pe profit<\/strong> la 1 % din cifra de afaceri pentru micro\u00eentreprinderi \u015fi am crescut plafonul la 500.000 de euro cifr\u0103 de afaceri pentru firmele care pot beneficia de aceast\u0103 facilitate.<img loading=\"lazy\" decoding=\"async\" class=\"aligncenter size-full wp-image-51384\" src=\"https:\/\/giurgiu-net.ro\/wp-content\/uploads\/2017\/03\/DSC_0056.jpg\" alt=\"\" width=\"530\" height=\"800\" \/><\/p>\n<p><strong><em>\u201eAm eliminat impozitul pe profit <\/em><\/strong><em>\u00een primii 10 ani pentru firmele care desf\u0103\u015foar\u0103 activit\u0103\u0163i de inovare \u015fi cercetare-dezvoltare. <strong>Am lansat granturi<\/strong> pentru participare la exopozi\u0163ii interna\u0163ionale sau la \u00eent\u00e2lniri de afaceri. <strong>Am lansat programul Start-up Nation<\/strong> ce prevede un ajutor de minim nerambursabil p\u00e2n\u0103 la 200.000 lei pentru to\u0163i cei care vor s\u0103 \u00ee\u015fi deschid\u0103 o afacere de minim 2 locuri de munc\u0103 pentru trei ani de zile. <strong>Am eliminat impozitul<\/strong> pentru transferul propriet\u0103\u0163ilor cu o valoare mai mic\u0103 de 450.000 de lei \u015fi impozit de 3% pentru diferen\u0163a care dep\u0103\u015fe\u015fte aceast\u0103 sum\u0103<\/em><\/p>\n<p><strong><em>Am crescut stimulentul de inser\u0163ie<\/em><\/strong><em> a mamelor cu copii sub doi ani care se \u00eentorc la locul de munc\u0103 de la 531 lei la 650 lei. <strong>Am extins programul hepatita C<\/strong> pentru gradul de fibroz\u0103 F3\u201d<\/em>, a spus deputatul giurgiuvean.<br \/>\nDe asemenea, Elena Dinu a vorbit \u015fi despre cele mai recente <strong>proiecte de lege adoptate \u00een Camera Deputa\u0163ilor sau Senat.<\/strong><\/p>\n<p>Este vorba despre actele normative ce prev\u0103d: &#8211;<em>plata tratamentului \u00een str\u0103in\u0103tate al victimelor de la Colectiv, p\u00e2n\u0103 la finele anului 2018<\/em><\/p>\n<p>&#8211;<em>premierea sportivilor cu nevoi speciale, la nivelul celor olimpici<\/em><\/p>\n<p>&#8211;<em>m\u0103suri \u00een vederea implement\u0103rii programului \u201ePrima Cas\u0103\u201d<\/em>, respectiv garantarea de c\u0103tre stat, \u00een procent de 50%, a creditelor acordate pentru achizi\u0163ia de locuin\u0163e noi sau consolidate prin programul men\u0163ionat<\/p>\n<p>Totodat\u0103, Elena Dinu a vorbit despre <em>programul de Finan\u0163are Start-Up Nation<\/em>, prin care poate fi acordat un ajutor de minimis \u00een sum\u0103 maxim\u0103 de 200.000 de lei pe beneficiar, pentru stimularea \u00eenfiin\u0163\u0103rii de noi \u00eentreprinderi mici \u015fi mijlocii.<\/p>\n<p>\u201eAmintesc \u015fi despre proiectul de lege adoptat \u00een \u015fedin\u0163a Camerei Deputa\u0163ilor din 21 martie, prin care copiii minori, cu v\u00e2rst\u0103 de l p\u00e2n\u0103 la 3 ani, pot fi excepta\u0163i de la calculul cheltuielilor de \u00eentre\u0163inere \u015fi de cel al cheltuielilor asocia\u0163iei de proprietari\u201d, a spus purt\u0103torul de cuv\u00e2nt al PSD Giurgiu.<\/p>\n<p>Elena Dinu a amintit \u015fi despre m\u0103surile ce vor fi luate de Ministerul S\u0103n\u0103t\u0103\u0163ii cu privire la dotarea spitalelor jude\u0163ene cu aparatur\u0103 medical\u0103, dar \u015fi despre noua metodologie de stabilire a pre\u0163ului medicamentelor. \u00cen baza acesteia, pre\u0163ul medicamentelor inovative ar putea fi cu 35% mai mici dec\u00e2t \u00een prezent.<\/p>\n<p>Referitor la dotarea Spitalului de la Giurgiu, unitatea medical\u0103 ar putea primi aparate noi de radiologie.<\/p>\n<p>&nbsp;<\/p>\n<p>&nbsp;<\/p>\n<p>&nbsp;<\/p>\n","protected":false},"excerpt":{"rendered":"<p>Elena Dinu a participat, joi, 23 martie, la conferin\u0163a de pres\u0103 a organiza\u0163iei jude\u0163ene a PSD, pentru prima oar\u0103 \u00een aceast\u0103 postur\u0103.<\/p>\n","protected":false},"author":1,"featured_media":51382,"comment_status":"open","ping_status":"open","sticky":false,"template":"","format":"standard","meta":{"slim_seo":{"title":"Elena Dinu, noul purt\u0103tor de cuv\u00e2nt al PSD Giurgiu: \u201eAm reu\u015fit s\u0103 ducem la \u00eendeplinire m\u0103surile din Programul de Guvernare pentru termenele fixate\u201d - GIURGIU NET","description":"Elena Dinu a participat, joi, 23 martie, la conferin\u0163a de pres\u0103 a organiza\u0163iei jude\u0163ene a PSD, pentru prima oar\u0103 \u00een aceast\u0103 postur\u0103. Deputatul social-democrat a"},"footnotes":""},"categories":[18,26,28],"tags":[1025,2256],"class_list":{"0":"post-51381","1":"post","2":"type-post","3":"status-publish","4":"format-standard","5":"has-post-thumbnail","7":"category-actual","8":"category-soc","9":"category-uo","10":"tag-elena-dinu","11":"tag-psd-giurgiu"},"_links":{"self":[{"href":"https:\/\/giurgiu-net.ro\/index.php\/wp-json\/wp\/v2\/posts\/51381","targetHints":{"allow":["GET"]}}],"collection":[{"href":"https:\/\/giurgiu-net.ro\/index.php\/wp-json\/wp\/v2\/posts"}],"about":[{"href":"https:\/\/giurgiu-net.ro\/index.php\/wp-json\/wp\/v2\/types\/post"}],"author":[{"embeddable":true,"href":"https:\/\/giurgiu-net.ro\/index.php\/wp-json\/wp\/v2\/users\/1"}],"replies":[{"embeddable":true,"href":"https:\/\/giurgiu-net.ro\/index.php\/wp-json\/wp\/v2\/comments?post=51381"}],"version-history":[{"count":0,"href":"https:\/\/giurgiu-net.ro\/index.php\/wp-json\/wp\/v2\/posts\/51381\/revisions"}],"wp:featuredmedia":[{"embeddable":true,"href":"https:\/\/giurgiu-net.ro\/index.php\/wp-json\/"}],"wp:attachment":[{"href":"https:\/\/giurgiu-net.ro\/index.php\/wp-json\/wp\/v2\/media?parent=51381"}],"wp:term":[{"taxonomy":"category","embeddable":true,"href":"https:\/\/giurgiu-net.ro\/index.php\/wp-json\/wp\/v2\/categories?post=51381"},{"taxonomy":"post_tag","embeddable":true,"href":"https:\/\/giurgiu-net.ro\/index.php\/wp-json\/wp\/v2\/tags?post=51381"}],"curies":[{"name":"wp","href":"https:\/\/api.w.org\/{rel}","templated":true}]}}