{"id":51378,"date":"2017-03-23T14:29:45","date_gmt":"2017-03-23T12:29:45","guid":{"rendered":"http:\/\/giurgiu-net.ro\/?p=51378"},"modified":"2017-03-23T14:29:45","modified_gmt":"2017-03-23T12:29:45","slug":"proiecte-ambitioase-la-consiliul-judetean-giurgiu-vezi-aici-pentru-ce-vor-autoritatile-sa-ia-fonduri-europene-si-guvernamentale","status":"publish","type":"post","link":"https:\/\/giurgiu-net.ro\/index.php\/2017\/03\/23\/proiecte-ambitioase-la-consiliul-judetean-giurgiu-vezi-aici-pentru-ce-vor-autoritatile-sa-ia-fonduri-europene-si-guvernamentale\/","title":{"rendered":"Proiecte ambi\u0163ioase, la Consiliul Jude\u0163ean Giurgiu. VEZI AICI pentru ce vor autorit\u0103\u0163ile s\u0103 ia fonduri europene \u015fi guvernamentale!"},"content":{"rendered":"<p>Pre\u015fedintele Consiliului Jude\u0163ean Giurgiu, Marian Mina, a prezentat joi, 23 martie, \u00een conferin\u0163\u0103 de pres\u0103, proiectele \u00een derulare, dar \u015fi pe cele pe care le preg\u0103tesc speciali\u015ftii din institu\u0163ia pe care o conduce pentru a fi depuse fie \u00een cadrul unor programe europene, fie pentru a fi ob\u0163inute fonduri de la Guvern.<!--more--><\/p>\n<p><em>\u201eCa priorit\u0103\u0163i r\u0103m\u00e2n acelea\u015fi pe care le-am amintit cu fiecare ocazie: drumurile jude\u0163ene, Spitalul Jude\u0163ean, Teatrul, Biblioteca \u015fi Muzeul. \u00cen ceea ce prive\u015fte Spitalul Jude\u0163ean, am depus deja un proiect pentru reabilitarea \u015fi dotarea spitalului nou \u015fi avem speran\u0163e c\u0103 va intra la finan\u0163are. De asemenea, va fi reabilitat \u015fi Spitalul de la Vadu-Lat, dar \u015fi pavilionul administrativ al SJU Giurgiu\u201d<\/em>, a spus Mina.<img loading=\"lazy\" decoding=\"async\" class=\"aligncenter size-full wp-image-51386\" src=\"https:\/\/giurgiu-net.ro\/wp-content\/uploads\/2017\/03\/DSC_0052.jpg\" alt=\"\" width=\"530\" height=\"800\" \/><\/p>\n<p>El a precizat c\u0103, \u00een ceea ce prive\u015fte lucr\u0103rile de la sediul vechi al Bibiliotecii Jude\u0163ene \u201eI.A. Bassarabescu\u201d, lucr\u0103rile au fost finalizate. <em>\u201eUrmeaz\u0103 recep\u0163ia \u015fi, apoi, \u00eemi doresc s\u0103 facem investi\u0163ii \u015fi \u00een curtea interioar\u0103. Pentru Muzeul Jude\u0163ean avem dou\u0103 proiecte, unul pe care \u00eel vom depune \u00een parteneriat cu Muzeul din Ruse, Bulgaria, iar pe cel\u0103lalt pe Programul Opera\u0163ional Regional(tot pentru reabilitarea \u015fi modernizarea cl\u0103dirii, n.r.). Pentru drumurile jude\u0163ene avem 11 proiecte depuse la Ministerul Dezvolt\u0103rii \u015fi a\u015ftept\u0103m s\u0103 semn\u0103m contractele de finan\u0163are\u201d<\/em>, a mai spus \u015feful CJ Giurgiu.<\/p>\n<p>Marian Mina a spus c\u0103 pentru alte patru drumuri a fost deja emis Ordin de \u00eencepere a lucr\u0103rilor, investi\u0163iile urm\u00e2nd s\u0103 fie demarate de lunea viitoare.<\/p>\n<p>Este vorba despre drumurile 601, 401, 401 A \u015fi 412.<\/p>\n<p>Pentru a ob\u0163ine fonduri europene, au fost \u00eentocmite proiecte pentru DJ-urile: 411 A, 503, 505, 507, 412 C, valoarea total\u0103 a viitoarelor investi\u0163ii fiind de peste 8 milioane de euro.<\/p>\n<p><em>\u201eMai avem un proiect pentru un Centru Cultural la Comana, dar \u015fi dou\u0103 pentru Inspectoratul Jude\u0163ean pentru Situa\u0163ii de Urgen\u0163\u0103, dar, de asemenea, \u00eencerc\u0103m s\u0103 lu\u0103m utilaje cu fonduri europene \u015fi pentru Direc\u0163ia Jude\u0163ean\u0103 de Transport. Pe de alt\u0103 parte, am identificat un nou spa\u0163iu pentru Serviciul de Ambulan\u0163\u0103, este vorba despre locul unde a func\u0163ionat fostul Rovic, la Gar\u0103. \u00cen circa o lun\u0103, cred c\u0103 vom finaliza amenajarea spa\u0163iului respectiv\u201d<\/em>, a mai anun\u0163at Mina.<\/p>\n<p>Pre\u015fedintele CJ Giurgiu a spus c\u0103 sunt c\u0103utate solu\u0163ii \u015fi pentru finalizarea lucr\u0103rilor pe vestitele drumuri 603 \u015fi 504, prinse pe proiecte europene, dar investi\u0163ii nefinalizate la timp din cauza Romstrade.<\/p>\n<p>&nbsp;<\/p>\n","protected":false},"excerpt":{"rendered":"<p>Pre\u015fedintele Consiliului Jude\u0163ean Giurgiu, Marian Mina, a prezentat joi, 23 martie, \u00een conferin\u0163\u0103 de pres\u0103, proiectele \u00een derulare, dar \u015fi pe cele pe care le preg\u0103tesc speciali\u015ftii din institu\u0163ia pe care o conduce pentru a fi depuse fie \u00een cadrul unor programe europene, fie pentru a fi ob\u0163inute fonduri de la Guvern.<\/p>\n","protected":false},"author":1,"featured_media":51379,"comment_status":"open","ping_status":"open","sticky":false,"template":"","format":"standard","meta":{"slim_seo":{"title":"Proiecte ambi\u0163ioase, la Consiliul Jude\u0163ean Giurgiu. VEZI AICI pentru ce vor autorit\u0103\u0163ile s\u0103 ia fonduri europene \u015fi guvernamentale! - GIURGIU NET","description":"Pre\u015fedintele Consiliului Jude\u0163ean Giurgiu, Marian Mina, a prezentat joi, 23 martie, \u00een conferin\u0163\u0103 de pres\u0103, proiectele \u00een derulare, dar \u015fi pe cele pe care le pr"},"footnotes":""},"categories":[18,19,26,28],"tags":[606,1626,2205],"class_list":{"0":"post-51378","1":"post","2":"type-post","3":"status-publish","4":"format-standard","5":"has-post-thumbnail","7":"category-actual","8":"category-adm","9":"category-soc","10":"category-uo","11":"tag-cj-giurgiu","12":"tag-marian-mina","13":"tag-proiecte-cj-giurgiu"},"_links":{"self":[{"href":"https:\/\/giurgiu-net.ro\/index.php\/wp-json\/wp\/v2\/posts\/51378","targetHints":{"allow":["GET"]}}],"collection":[{"href":"https:\/\/giurgiu-net.ro\/index.php\/wp-json\/wp\/v2\/posts"}],"about":[{"href":"https:\/\/giurgiu-net.ro\/index.php\/wp-json\/wp\/v2\/types\/post"}],"author":[{"embeddable":true,"href":"https:\/\/giurgiu-net.ro\/index.php\/wp-json\/wp\/v2\/users\/1"}],"replies":[{"embeddable":true,"href":"https:\/\/giurgiu-net.ro\/index.php\/wp-json\/wp\/v2\/comments?post=51378"}],"version-history":[{"count":0,"href":"https:\/\/giurgiu-net.ro\/index.php\/wp-json\/wp\/v2\/posts\/51378\/revisions"}],"wp:featuredmedia":[{"embeddable":true,"href":"https:\/\/giurgiu-net.ro\/index.php\/wp-json\/"}],"wp:attachment":[{"href":"https:\/\/giurgiu-net.ro\/index.php\/wp-json\/wp\/v2\/media?parent=51378"}],"wp:term":[{"taxonomy":"category","embeddable":true,"href":"https:\/\/giurgiu-net.ro\/index.php\/wp-json\/wp\/v2\/categories?post=51378"},{"taxonomy":"post_tag","embeddable":true,"href":"https:\/\/giurgiu-net.ro\/index.php\/wp-json\/wp\/v2\/tags?post=51378"}],"curies":[{"name":"wp","href":"https:\/\/api.w.org\/{rel}","templated":true}]}}