{"id":51347,"date":"2017-03-22T11:49:41","date_gmt":"2017-03-22T09:49:41","guid":{"rendered":"http:\/\/giurgiu-net.ro\/?p=51347"},"modified":"2017-03-22T11:49:41","modified_gmt":"2017-03-22T09:49:41","slug":"giurgiuveni-sunteti-invitati-la-ziua-politiei","status":"publish","type":"post","link":"https:\/\/giurgiu-net.ro\/index.php\/2017\/03\/22\/giurgiuveni-sunteti-invitati-la-ziua-politiei\/","title":{"rendered":"Giurgiuveni, sunte\u0163i invita\u0163i la Ziua Poli\u0163iei!"},"content":{"rendered":"<p>Activit\u0103\u0163ile vor avea loc joi, 23 martie, de la ora 11.00, la sediul Inspectoratului Jude\u0163ean de Poli\u0163ie din Bdul. CFR.<!--more--><\/p>\n<p>Printre ac\u0163iunile dedicate Zilei Poli\u0163iei Rom\u00e2ne se num\u0103r\u0103 amenajarea unor standuri expozi\u021bionale de prezentare a autospecialelor de serviciu, tehnicii \u0219i armamentului din dotare dar \u0219i a aspectelor referitoare la munca de zi cu zi a poli\u021bi\u0219tilor; prezentarea tehnicii \u0219i armamentului din dotare, dar \u015fi a autospecialelor laborator de investigare tehnico-\u015ftiin\u0163ific\u0103 a locului faptei. Cei prezen\u0163i vor putea vedea \u015fi autospecialelele poli\u021biei rutiere, dotate cu tehnic\u0103 de supraveghere \u0219i m\u0103surare a vitezei de deplasare a autovehiculelor, c\u00e2t \u015fi autospecialele \u0219i tehnica Serviciului de Ac\u021biuni Speciale.<\/p>\n<p>Tot m\u00e2ine, va avea loc \u015fi o sesiune de informare pe teme de prevenire a delincven\u021bei juvenile, recomand\u0103ri de prevenire a criminalit\u0103\u021bii \u015fi prezentare de materiale de informare;<\/p>\n<p>\u00cen plus, vor fi desf\u0103\u015furate \u015fi exerci\u021bii de imobilizare \u0219i re\u021binere a persoanelor suspecte prezentate de c\u0103tre lupt\u0103torii Serviciului Ac\u021biuni Speciale.<\/p>\n<p>Foto: Opinia Giurgiuveanului<\/p>\n","protected":false},"excerpt":{"rendered":"<p>Activit\u0103\u0163ile vor avea loc joi, 23 martie, de la ora 11.00, la sediul Inspectoratului Jude\u0163ean de Poli\u0163ie din Bdul. CFR.<\/p>\n","protected":false},"author":1,"featured_media":51348,"comment_status":"open","ping_status":"open","sticky":false,"template":"","format":"standard","meta":{"slim_seo":{"title":"Giurgiuveni, sunte\u0163i invita\u0163i la Ziua Poli\u0163iei! - GIURGIU NET","description":"Activit\u0103\u0163ile vor avea loc joi, 23 martie, de la ora 11.00, la sediul Inspectoratului Jude\u0163ean de Poli\u0163ie din Bdul. CFR. Printre ac\u0163iunile dedicate Zilei Poli\u0163ie"},"footnotes":""},"categories":[26],"tags":[2055,2849],"class_list":{"0":"post-51347","1":"post","2":"type-post","3":"status-publish","4":"format-standard","5":"has-post-thumbnail","7":"category-soc","8":"tag-politia-giurgiu","9":"tag-ziua-politiei"},"_links":{"self":[{"href":"https:\/\/giurgiu-net.ro\/index.php\/wp-json\/wp\/v2\/posts\/51347","targetHints":{"allow":["GET"]}}],"collection":[{"href":"https:\/\/giurgiu-net.ro\/index.php\/wp-json\/wp\/v2\/posts"}],"about":[{"href":"https:\/\/giurgiu-net.ro\/index.php\/wp-json\/wp\/v2\/types\/post"}],"author":[{"embeddable":true,"href":"https:\/\/giurgiu-net.ro\/index.php\/wp-json\/wp\/v2\/users\/1"}],"replies":[{"embeddable":true,"href":"https:\/\/giurgiu-net.ro\/index.php\/wp-json\/wp\/v2\/comments?post=51347"}],"version-history":[{"count":0,"href":"https:\/\/giurgiu-net.ro\/index.php\/wp-json\/wp\/v2\/posts\/51347\/revisions"}],"wp:featuredmedia":[{"embeddable":true,"href":"https:\/\/giurgiu-net.ro\/index.php\/wp-json\/"}],"wp:attachment":[{"href":"https:\/\/giurgiu-net.ro\/index.php\/wp-json\/wp\/v2\/media?parent=51347"}],"wp:term":[{"taxonomy":"category","embeddable":true,"href":"https:\/\/giurgiu-net.ro\/index.php\/wp-json\/wp\/v2\/categories?post=51347"},{"taxonomy":"post_tag","embeddable":true,"href":"https:\/\/giurgiu-net.ro\/index.php\/wp-json\/wp\/v2\/tags?post=51347"}],"curies":[{"name":"wp","href":"https:\/\/api.w.org\/{rel}","templated":true}]}}