{"id":51342,"date":"2017-03-22T11:30:50","date_gmt":"2017-03-22T09:30:50","guid":{"rendered":"http:\/\/giurgiu-net.ro\/?p=51342"},"modified":"2017-03-22T11:30:50","modified_gmt":"2017-03-22T09:30:50","slug":"deputatii-vor-premierea-si-sustinerea-financiara-a-paralimpicilor-la-nivel-cu-ceilalti-sportivi","status":"publish","type":"post","link":"https:\/\/giurgiu-net.ro\/index.php\/2017\/03\/22\/deputatii-vor-premierea-si-sustinerea-financiara-a-paralimpicilor-la-nivel-cu-ceilalti-sportivi\/","title":{"rendered":"Deputa\u0163ii PSD vor premierea \u015fi sus\u0163inerea financiar\u0103 a paralimpicilor, la nivel cu ceilal\u0163i sportivi"},"content":{"rendered":"<p>Social-democra\u021bii din Camera Deputa\u021bilor au votat mar\u021bi, 21 martie 2017, pentru adoptarea unui proiectul de Lege privind aprobarea Ordonan\u021bei de urgen\u021b\u0103 a Guvernului nr.61\/2016 pentru modificarea \u0219i completarea Legii educa\u021biei \u0219i sportului nr.69\/2000.<!--more--><\/p>\n<p>Actul normativ vizeaz\u0103 crearea unui cadru juridic pentru <em><strong>premierea \u0219i sus\u021binerea financiar\u0103 a sportivilor cu nevoi speciale la acela\u0219i nivel cu ceilal\u021bi sportivi, pentru acela\u0219i tip de performan\u021be ob\u021binute la competi\u021bii na\u021bionale \u0219i interna\u021bionale oficiale.<\/strong><\/em><\/p>\n<p>\u00centr-un comunicat de pres\u0103 al Grupului PSD din Camera Deputa\u0163ilor, noua lege elimin\u0103 disfunc\u021bionalit\u0103\u021bile \u00een procesul de finan\u021bare a activit\u0103\u021bii sportive din sume de la bugetul de stat \u0219i prevede acordarea de sprijin financiar pentru toate categoriile de sportivi.<\/p>\n<p><em>\u201eDup\u0103 finalizarea Jocurilor Olimpice, precum \u0219i a celor Paralimpice de la Rio de Janeiro 2016, sportivii cu nevoi speciale nu au putut fi premia\u021bi la nivelul celor olimpici, de\u0219i \u00een lege se men\u021biona c\u0103 nu exist\u0103 discrimin\u0103ri \u00eentre cele dou\u0103 categorii, ele av\u00e2nd drepturi egale. \u00cens\u0103, prevederile vechii legisla\u021bii permiteau, \u00een fapt, s\u0103 fie premia\u021bi doar sportivii paralimpici care au luat medalii, respectiv locurile I-III, spre deosebire de ceilal\u021bi sportivi, care primesc premii pentru locurile I-VI. De asemenea, s-a completat \u0219i s-a modificat modul de calcul al rentei viagere (m\u0103sur\u0103 de protec\u021bie social\u0103 a sportivilor de performan\u021b\u0103), care \u00een vechea lege era neclar, l\u0103s\u00e2nd loc la diferite interpret\u0103ri \u0219i gener\u00e2nd inechit\u0103\u021bi raportat la performan\u021bele ob\u021binute\u201d<\/em>, se arat\u0103 \u00een comunicat.<\/p>\n<p>Conform sursei citate, modific\u0103rile propuse stabilesc un mod de calcul clar, precis, f\u0103r\u0103 echivoc \u0219i plafoneaz\u0103 nivelul maxim al rentei viagere la 5 salarii medii brute. Astfel, se creeaz\u0103 un cadru normativ unitar referitor la calcularea rentei viagere pentru cei cu performan\u021be deosebite, fapt necesar av\u00e2nd \u00een vedere c\u0103 exist\u0103 situa\u021bii concrete \u00een care sportivi cu realiz\u0103ri majore beneficiaz\u0103 de mai pu\u021bine drepturi dec\u00e2t cei cu performan\u021be inferioare.<\/p>\n<p>Totodat\u0103, se introduc \u00een noul act normativ \u0219i condi\u021biile cumulative pe care trebuie s\u0103 le \u00eendeplineasc\u0103 un sportiv de performan\u021b\u0103 pentru a beneficia de rent\u0103 viager\u0103.<\/p>\n<p>&nbsp;<\/p>\n","protected":false},"excerpt":{"rendered":"<p>Social-democra\u021bii din Camera Deputa\u021bilor au votat mar\u021bi, 21 martie 2017, pentru adoptarea unui proiectul de Lege privind aprobarea Ordonan\u021bei de urgen\u021b\u0103 a Guvernului nr.61\/2016 pentru modificarea \u0219i completarea Legii educa\u021biei \u0219i sportului nr.69\/2000.<\/p>\n","protected":false},"author":1,"featured_media":51343,"comment_status":"open","ping_status":"open","sticky":false,"template":"","format":"standard","meta":{"slim_seo":{"title":"Deputa\u0163ii PSD vor premierea \u015fi sus\u0163inerea financiar\u0103 a paralimpicilor, la nivel cu ceilal\u0163i sportivi - GIURGIU NET","description":"Social-democra\u021bii din Camera Deputa\u021bilor au votat mar\u021bi, 21 martie 2017, pentru adoptarea unui proiectul de Lege privind aprobarea Ordonan\u021bei de urgen\u021b\u0103 a Guver"},"footnotes":""},"categories":[18,26,27],"tags":[2125,2250],"class_list":{"0":"post-51342","1":"post","2":"type-post","3":"status-publish","4":"format-standard","5":"has-post-thumbnail","7":"category-actual","8":"category-soc","9":"category-spo","10":"tag-premiere-paralimpici","11":"tag-psd"},"_links":{"self":[{"href":"https:\/\/giurgiu-net.ro\/index.php\/wp-json\/wp\/v2\/posts\/51342","targetHints":{"allow":["GET"]}}],"collection":[{"href":"https:\/\/giurgiu-net.ro\/index.php\/wp-json\/wp\/v2\/posts"}],"about":[{"href":"https:\/\/giurgiu-net.ro\/index.php\/wp-json\/wp\/v2\/types\/post"}],"author":[{"embeddable":true,"href":"https:\/\/giurgiu-net.ro\/index.php\/wp-json\/wp\/v2\/users\/1"}],"replies":[{"embeddable":true,"href":"https:\/\/giurgiu-net.ro\/index.php\/wp-json\/wp\/v2\/comments?post=51342"}],"version-history":[{"count":0,"href":"https:\/\/giurgiu-net.ro\/index.php\/wp-json\/wp\/v2\/posts\/51342\/revisions"}],"wp:featuredmedia":[{"embeddable":true,"href":"https:\/\/giurgiu-net.ro\/index.php\/wp-json\/"}],"wp:attachment":[{"href":"https:\/\/giurgiu-net.ro\/index.php\/wp-json\/wp\/v2\/media?parent=51342"}],"wp:term":[{"taxonomy":"category","embeddable":true,"href":"https:\/\/giurgiu-net.ro\/index.php\/wp-json\/wp\/v2\/categories?post=51342"},{"taxonomy":"post_tag","embeddable":true,"href":"https:\/\/giurgiu-net.ro\/index.php\/wp-json\/wp\/v2\/tags?post=51342"}],"curies":[{"name":"wp","href":"https:\/\/api.w.org\/{rel}","templated":true}]}}