{"id":51339,"date":"2017-03-22T07:55:16","date_gmt":"2017-03-22T05:55:16","guid":{"rendered":"http:\/\/giurgiu-net.ro\/?p=51339"},"modified":"2017-03-22T07:55:16","modified_gmt":"2017-03-22T05:55:16","slug":"vesti-bune-copiii-sub-3-ani-pot-fi-exceptati-de-la-plata-intretinerii","status":"publish","type":"post","link":"https:\/\/giurgiu-net.ro\/index.php\/2017\/03\/22\/vesti-bune-copiii-sub-3-ani-pot-fi-exceptati-de-la-plata-intretinerii\/","title":{"rendered":"VE\u015eTI BUNE: Copiii sub 3 ani pot fi excepta\u0163i de la plata \u00eentre\u0163inerii"},"content":{"rendered":"<p>Plenul Camerei Deputa\u021bilor a adoptat mar\u0163i, 21 martie, un proiect de lege prin care copiii minori, cu v\u00e2rsta p\u00e2n\u0103 la 3 ani, pot fi excepta\u021bi de la calculul cheltuielilor de \u00eentre\u021binere \u0219i de la cel al cheltuielilor asocia\u021biei de proprietari.<!--more--><\/p>\n<p>Conform presei centrale, proiectul pentru modificarea \u0219i completarea Legii nr. 230\/2007 privind \u00eenfiin\u021barea, organizarea \u0219i func\u021bionarea asocia\u021biilor de proprietari are ca obiect de reglementare exceptarea copiilor minori cu v\u00e2rsta de p\u00e2n\u0103 la 3 ani de la calculul cheltuielilor pe consumuri individuale \u0219i de la calculul cheltuielilor pe beneficiari, aferente serviciilor individuale ale proprietarilor, dar gestionate financiar prin intermediul asocia\u021biei de proprietari.<\/p>\n<p><em>&#8222;Asocia\u021biile de proprietari pot hot\u0103r\u00ee exceptarea de la plata cheltuielilor prev\u0103zute la alin.(1) lit.b) pentru copiii cu v\u00e2rsta de p\u00e2n\u0103 la 3 ani. Termenul de plat\u0103 a cotelor de contribu\u021bie la cheltuielile asocia\u021biei de proprietari, afi\u0219ate pe lista lunar\u0103 de plat\u0103, este de maximum 20 de zile calendaristice&#8221;<\/em>, se arat\u0103 \u00een proiectul adoptat \u0219i de Senat.<\/p>\n<p>Camera Deputa\u021bilor este for decizional.<\/p>\n<p>&nbsp;<\/p>\n","protected":false},"excerpt":{"rendered":"<p>Plenul Camerei Deputa\u021bilor a adoptat mar\u0163i, 21 martie, un proiect de lege prin care copiii minori, cu v\u00e2rsta p\u00e2n\u0103 la 3 ani, pot fi excepta\u021bi de la calculul cheltuielilor de \u00eentre\u021binere \u0219i de la cel al cheltuielilor asocia\u021biei de proprietari.<\/p>\n","protected":false},"author":1,"featured_media":51340,"comment_status":"open","ping_status":"open","sticky":false,"template":"","format":"standard","meta":{"slim_seo":{"title":"VE\u015eTI BUNE: Copiii sub 3 ani pot fi excepta\u0163i de la plata \u00eentre\u0163inerii - GIURGIU NET","description":"Plenul Camerei Deputa\u021bilor a adoptat mar\u0163i, 21 martie, un proiect de lege prin care copiii minori, cu v\u00e2rsta p\u00e2n\u0103 la 3 ani, pot fi excepta\u021bi de la calculul chel"},"footnotes":""},"categories":[18,19,26],"tags":[],"class_list":{"0":"post-51339","1":"post","2":"type-post","3":"status-publish","4":"format-standard","5":"has-post-thumbnail","7":"category-actual","8":"category-adm","9":"category-soc"},"_links":{"self":[{"href":"https:\/\/giurgiu-net.ro\/index.php\/wp-json\/wp\/v2\/posts\/51339","targetHints":{"allow":["GET"]}}],"collection":[{"href":"https:\/\/giurgiu-net.ro\/index.php\/wp-json\/wp\/v2\/posts"}],"about":[{"href":"https:\/\/giurgiu-net.ro\/index.php\/wp-json\/wp\/v2\/types\/post"}],"author":[{"embeddable":true,"href":"https:\/\/giurgiu-net.ro\/index.php\/wp-json\/wp\/v2\/users\/1"}],"replies":[{"embeddable":true,"href":"https:\/\/giurgiu-net.ro\/index.php\/wp-json\/wp\/v2\/comments?post=51339"}],"version-history":[{"count":0,"href":"https:\/\/giurgiu-net.ro\/index.php\/wp-json\/wp\/v2\/posts\/51339\/revisions"}],"wp:featuredmedia":[{"embeddable":true,"href":"https:\/\/giurgiu-net.ro\/index.php\/wp-json\/"}],"wp:attachment":[{"href":"https:\/\/giurgiu-net.ro\/index.php\/wp-json\/wp\/v2\/media?parent=51339"}],"wp:term":[{"taxonomy":"category","embeddable":true,"href":"https:\/\/giurgiu-net.ro\/index.php\/wp-json\/wp\/v2\/categories?post=51339"},{"taxonomy":"post_tag","embeddable":true,"href":"https:\/\/giurgiu-net.ro\/index.php\/wp-json\/wp\/v2\/tags?post=51339"}],"curies":[{"name":"wp","href":"https:\/\/api.w.org\/{rel}","templated":true}]}}