{"id":51334,"date":"2017-03-22T10:29:31","date_gmt":"2017-03-22T08:29:31","guid":{"rendered":"http:\/\/giurgiu-net.ro\/?p=51334"},"modified":"2017-03-22T10:29:31","modified_gmt":"2017-03-22T08:29:31","slug":"tinerii-profesori-social-democrati-s-au-reunit-in-cadrul-unei-conferinte-nationale-cine-este-presedintele-de-la-giurgiu","status":"publish","type":"post","link":"https:\/\/giurgiu-net.ro\/index.php\/2017\/03\/22\/tinerii-profesori-social-democrati-s-au-reunit-in-cadrul-unei-conferinte-nationale-cine-este-presedintele-de-la-giurgiu\/","title":{"rendered":"Tinerii Profesori Social-Democra\u0163i s-au reunit \u00een cadrul unei Conferin\u0163e Na\u0163ionale. Cine este pre\u015fedintele de la Giurgiu?"},"content":{"rendered":"<p><!--more--><\/p>\n<p>Weekendul trecut, la Bucure\u015fti, a avut loc Conferin\u021ba Na\u021bionala a Ligii Tinerilor Profesori Social-Democra\u021bi. Invita\u0163i speciali au fost Ecaterina Andronescu-pre\u0219edintele Comisiei pentru \u00cenv\u0103\u021b\u0103m\u00e2nt din Senatul Rom\u00e2niei, Pavel N\u0103stase, ministru al Educa\u0163iei, Adrian R\u00e2ndunic\u0103, secretar de stat \u00een Ministerul Muncii \u015fi ministrul Consult\u0103rii Civice \u015fi Dialogului Social, Gabriel Petrea.<img loading=\"lazy\" decoding=\"async\" class=\"aligncenter size-full wp-image-51336\" src=\"https:\/\/giurgiu-net.ro\/wp-content\/uploads\/2017\/03\/liga-1.jpg\" alt=\"\" width=\"640\" height=\"336\" \/> <img loading=\"lazy\" decoding=\"async\" class=\"aligncenter size-full wp-image-51337\" src=\"https:\/\/giurgiu-net.ro\/wp-content\/uploads\/2017\/03\/liga-2.jpg\" alt=\"\" width=\"640\" height=\"341\" \/><\/p>\n<p>Dezbateri au fost pe subiecte precum facilitarea accesului egal la educa\u021bie sau prevenirea abandonului \u0219colar. La Giurgiu, pre\u015fedinte a fost aleas\u0103 Mirona Grigore.<img loading=\"lazy\" decoding=\"async\" class=\"aligncenter size-full wp-image-51335\" src=\"https:\/\/giurgiu-net.ro\/wp-content\/uploads\/2017\/03\/mirona.jpg\" alt=\"\" width=\"750\" height=\"937\" \/><\/p>\n<p><em>&#8222;Personal, \u00eemi doresc formarea unei echipe pedagog-p\u0103rinte \u0219i la nivel creativ, nu doar critic, dar \u0219i accesul gratuit la evenimente, cursuri de formare \u0219i ateliere de lucru. Tot ceea ce prefigureaz\u0103 succesul ca elev \u0219i mai t\u00e2rziu ca \u0219i personalitate depinde de dezvoltarea cognitiva din copil\u0103ria timpurie \u0219i din perioada pre\u015fcolar\u0103. Nu o spun eu, o spune \u0219tiin\u021ba!&#8221;<\/em>, ne-a declarat Mirona Grigore, psihopedagog\/psihoterapeut.<\/p>\n<p>&nbsp;<\/p>\n","protected":false},"excerpt":{"rendered":"","protected":false},"author":1,"featured_media":51337,"comment_status":"open","ping_status":"open","sticky":false,"template":"","format":"standard","meta":{"slim_seo":{"title":"Tinerii Profesori Social-Democra\u0163i s-au reunit \u00een cadrul unei Conferin\u0163e Na\u0163ionale. Cine este pre\u015fedintele de la Giurgiu? - GIURGIU NET","description":"Weekendul trecut, la Bucure\u015fti, a avut loc Conferin\u021ba Na\u021bionala a Ligii Tinerilor Profesori Social-Democra\u021bi. Invita\u0163i speciali au fost Ecaterina Andronescu-pre"},"footnotes":""},"categories":[18,29],"tags":[1549],"class_list":{"0":"post-51334","1":"post","2":"type-post","3":"status-publish","4":"format-standard","5":"has-post-thumbnail","7":"category-actual","8":"category-educatie-si-cultura","9":"tag-liga-profesori-psd"},"_links":{"self":[{"href":"https:\/\/giurgiu-net.ro\/index.php\/wp-json\/wp\/v2\/posts\/51334","targetHints":{"allow":["GET"]}}],"collection":[{"href":"https:\/\/giurgiu-net.ro\/index.php\/wp-json\/wp\/v2\/posts"}],"about":[{"href":"https:\/\/giurgiu-net.ro\/index.php\/wp-json\/wp\/v2\/types\/post"}],"author":[{"embeddable":true,"href":"https:\/\/giurgiu-net.ro\/index.php\/wp-json\/wp\/v2\/users\/1"}],"replies":[{"embeddable":true,"href":"https:\/\/giurgiu-net.ro\/index.php\/wp-json\/wp\/v2\/comments?post=51334"}],"version-history":[{"count":0,"href":"https:\/\/giurgiu-net.ro\/index.php\/wp-json\/wp\/v2\/posts\/51334\/revisions"}],"wp:featuredmedia":[{"embeddable":true,"href":"https:\/\/giurgiu-net.ro\/index.php\/wp-json\/"}],"wp:attachment":[{"href":"https:\/\/giurgiu-net.ro\/index.php\/wp-json\/wp\/v2\/media?parent=51334"}],"wp:term":[{"taxonomy":"category","embeddable":true,"href":"https:\/\/giurgiu-net.ro\/index.php\/wp-json\/wp\/v2\/categories?post=51334"},{"taxonomy":"post_tag","embeddable":true,"href":"https:\/\/giurgiu-net.ro\/index.php\/wp-json\/wp\/v2\/tags?post=51334"}],"curies":[{"name":"wp","href":"https:\/\/api.w.org\/{rel}","templated":true}]}}