{"id":51328,"date":"2017-03-21T15:34:23","date_gmt":"2017-03-21T13:34:23","guid":{"rendered":"http:\/\/giurgiu-net.ro\/?p=51328"},"modified":"2017-03-21T15:34:23","modified_gmt":"2017-03-21T13:34:23","slug":"pamflet-povestea-printisorilor-detronati-si-pusi-la-munca","status":"publish","type":"post","link":"https:\/\/giurgiu-net.ro\/index.php\/2017\/03\/21\/pamflet-povestea-printisorilor-detronati-si-pusi-la-munca\/","title":{"rendered":"PAMFLET: Povestea \u201eprin\u0163i\u015forilor\u201d detrona\u0163i \u015fi pu\u015fi la munc\u0103!"},"content":{"rendered":"<p>A fost odat\u0103 ca niciodat\u0103, c\u0103 de n-ar fi, nu s-ar smiorc\u0103i unii pe Facebook, un castel cu prea mul\u0163i regi, regine \u015fi prin\u0163i\u015fori- cu femininul aferent- pe metru p\u0103trat.<!--more--><\/p>\n<p>Erau, desigur, \u015fi mul\u0163i oameni care munceau, nu glum\u0103!, dar tot \u015fefu\u0163ii lor(sic!) ie\u015feau \u00een fa\u0163\u0103. Pentru c\u0103 f\u0103ceau asta de\u00a0j\u2019de mii de ani\u00a0\u015fi le mersese de fiecare dat\u0103.\u00a0E, uite c\u0103 se face dreptate \u015fi oamenii harnici, mai mereu \u00een spatele reflectoarelor, r\u0103m\u00e2n acum \u00een povestea noastr\u0103 DEMNI, deci la locul lor.<\/p>\n<p>\u00cen tot acest timp, c\u00e2nd cei care \u015ftiu ce au de f\u0103cut \u015fi \u00ee\u015fi v\u0103d de treab\u0103, unii dintre &#8222;regi, regine&#8221; etc., obi\u015fnui\u0163i s\u0103 stea relaxa\u0163i pe sc\u0103unelele lor \u015fi s\u0103 comande&#8230; \u00een dreapta mai ales- la ordinele unora de dreapta, de cele mai multe ori- s-au trezit pu\u015fi la munc\u0103.<\/p>\n<p><em><strong>\u015eoc \u015fi groaz\u0103!<\/strong> <\/em>Nu mai nimereau tastele goarnelor ca s\u0103 strige-n regat ce nedreptate li s-a f\u0103cut.\u00a0Ce nedreptate li s-a f\u0103cut? Dimpotriv\u0103. Doar c\u0103 nu mai sunt regi, \u00een rest, nu i-a gonit nimeni.<\/p>\n<p>Obi\u015fnui\u0163i de c\u00e2nd s-au n\u0103scut s\u0103 fie pupa\u0163i de cel pu\u0163in trei ori pe zi, la ore fixe, mai ceva ca moa\u015ftele, o s\u0103 \u00eenve\u0163e, dac\u0103 nu au priceput, c\u0103 e timpul s\u0103 arate ce pot, c\u00e2t \u015fi mai ales cum.\u00a0Asta c\u0103 tot se laud\u0103, \u00eentre dou\u0103 suspine \u015fi smiorc\u0103ieli pe aceea\u015fi re\u0163ea de socializare, cu toate calit\u0103\u0163ile enumerate mai sus.<\/p>\n<p>De azi, au oportunitatea s\u0103 bage mare, cot la cot cu cei c\u0103rora, de multe ori, le-au tras \u015futuri \u00een fund. C\u0103 cic\u0103 erau pa\u015fi \u00eenainte, a\u015fa le ziceau &#8222;fraierilor&#8221;&#8230; care nu s-au mai pl\u00e2ns pe Facebook de nedrept\u0103\u0163ile pe bune f\u0103cute \u00eentr-o alt\u0103 er\u0103.<\/p>\n<p>E, acum, lua\u0163i cu p\u00e2ine \u015fi cu sare la intrarea \u00een institu\u0163ie \u015fi pune\u0163i osul la treab\u0103 \u00eentru dezvoltarea regatului! Da, a \u0103luia pe care-l pl\u00e2ngea\u0163i de nu mai putea\u0163i \u00een timpul serviciului, fix atunci c\u00e2nd servitorii v\u0103 f\u0103ceau treaba \u015fi voi freca\u0163i tronu\u2019,\u00a0ca fermieru\u2019 menta sau ca lene\u015fu\u2019 pisica!<\/p>\n<p>Nu generalizez, fereasc\u0103-mp\u0103ratu\u2019!, sunt sigur\u0103 c\u0103 unii dintre detrona\u0163i \u00ee\u015fi vor vedea \u00een continuare de treab\u0103 \u015fi vor face ce le zice fi\u015fa postului.\u00a0Nicidecum ce le \u015fopte\u015fte\u00a0cu frustrare <strong>prin\u0163i\u015forul<\/strong> dintr-un alt castel- p\u0103r\u0103sit-, ofticat c\u0103 lucrurile merg mult, mult mai bine \u00een regat dec\u00e2t pe vremea c\u00e2nd d\u0103dea el contracte la firme falimentare acum. Sigur \u015fti\u0163i c\u0103 prin\u0163i\u015forul din castelul p\u0103r\u0103sit \u00eenc\u0103 se viseaz\u0103 coco\u0163at pe tronul anterior, tot repet\u00e2ndu-\u015fi, dar \u015fi altora, c\u0103 nu s-a n\u0103scut \u015fi nici nu se va mai na\u015fte altul a\u015fa bun ca el care s\u0103 poat\u0103 fi demn de func\u0163ia respectiv\u0103&#8230;<\/p>\n<p>Doamne-ap\u0103r\u0103 \u015fi p\u0103ze\u015fte!<\/p>\n<p><em>CroniCaru&#8217; mare<\/em><\/p>\n<p>&nbsp;<\/p>\n","protected":false},"excerpt":{"rendered":"<p>A fost odat\u0103 ca niciodat\u0103, c\u0103 de n-ar fi, nu s-ar smiorc\u0103i unii pe Facebook, un castel cu prea mul\u0163i regi, regine \u015fi prin\u0163i\u015fori- cu femininul aferent- pe metru p\u0103trat.<\/p>\n","protected":false},"author":1,"featured_media":51329,"comment_status":"open","ping_status":"open","sticky":false,"template":"","format":"standard","meta":{"slim_seo":{"title":"PAMFLET: Povestea \u201eprin\u0163i\u015forilor\u201d detrona\u0163i \u015fi pu\u015fi la munc\u0103! - GIURGIU NET","description":"A fost odat\u0103 ca niciodat\u0103, c\u0103 de n-ar fi, nu s-ar smiorc\u0103i unii pe Facebook, un castel cu prea mul\u0163i regi, regine \u015fi prin\u0163i\u015fori- cu femininul aferent- pe metru"},"footnotes":""},"categories":[18,20,23],"tags":[],"class_list":{"0":"post-51328","1":"post","2":"type-post","3":"status-publish","4":"format-standard","5":"has-post-thumbnail","7":"category-actual","8":"category-edit","9":"category-pam"},"_links":{"self":[{"href":"https:\/\/giurgiu-net.ro\/index.php\/wp-json\/wp\/v2\/posts\/51328","targetHints":{"allow":["GET"]}}],"collection":[{"href":"https:\/\/giurgiu-net.ro\/index.php\/wp-json\/wp\/v2\/posts"}],"about":[{"href":"https:\/\/giurgiu-net.ro\/index.php\/wp-json\/wp\/v2\/types\/post"}],"author":[{"embeddable":true,"href":"https:\/\/giurgiu-net.ro\/index.php\/wp-json\/wp\/v2\/users\/1"}],"replies":[{"embeddable":true,"href":"https:\/\/giurgiu-net.ro\/index.php\/wp-json\/wp\/v2\/comments?post=51328"}],"version-history":[{"count":0,"href":"https:\/\/giurgiu-net.ro\/index.php\/wp-json\/wp\/v2\/posts\/51328\/revisions"}],"wp:featuredmedia":[{"embeddable":true,"href":"https:\/\/giurgiu-net.ro\/index.php\/wp-json\/"}],"wp:attachment":[{"href":"https:\/\/giurgiu-net.ro\/index.php\/wp-json\/wp\/v2\/media?parent=51328"}],"wp:term":[{"taxonomy":"category","embeddable":true,"href":"https:\/\/giurgiu-net.ro\/index.php\/wp-json\/wp\/v2\/categories?post=51328"},{"taxonomy":"post_tag","embeddable":true,"href":"https:\/\/giurgiu-net.ro\/index.php\/wp-json\/wp\/v2\/tags?post=51328"}],"curies":[{"name":"wp","href":"https:\/\/api.w.org\/{rel}","templated":true}]}}