{"id":51313,"date":"2017-03-20T15:00:21","date_gmt":"2017-03-20T13:00:21","guid":{"rendered":"http:\/\/giurgiu-net.ro\/?p=51313"},"modified":"2017-03-20T15:00:21","modified_gmt":"2017-03-20T13:00:21","slug":"reorganizari-la-consiliul-judetean-giurgiu-ce-modificari-au-fost-facute","status":"publish","type":"post","link":"https:\/\/giurgiu-net.ro\/index.php\/2017\/03\/20\/reorganizari-la-consiliul-judetean-giurgiu-ce-modificari-au-fost-facute\/","title":{"rendered":"Reorganiz\u0103ri la Consiliul Jude\u0163ean Giurgiu. Ce modific\u0103ri au fost f\u0103cute?"},"content":{"rendered":"<p><!--more-->Suplimentarea Ordinii de zi a \u015fedin\u0163ei ordinare de azi a Consiliului Jude\u0163ean Giurgiu a cuprins \u015fi un proiect ceva mai \u201efierbinte\u201d dec\u00e2t celelalte \u015fi care a vizat reorganizarea aparatului de specialitate al institu\u0163iei.<\/p>\n<p>Pre\u015fedintele Marian Mina a precizat c\u0103 reorganizarea nu presupune demiterea vreunui angajat.<\/p>\n<p><strong>\u201eNimeni nu e dat afar\u0103, ci este doar o reorganizare a aparatului propriu!\u201d<\/strong>, a spus Mina.<\/p>\n<p>Conform expunerii de motive ce \u00eenso\u0163e\u015fte proiectul de hot\u0103r\u00e2re, printre principalele modific\u0103ri se num\u0103r\u0103:<\/p>\n<p><strong>-Direc\u021bia juridic\u0103 \u0219i administra\u021bie public\u0103 local\u0103<\/strong> <em>se reorganizeaz\u0103<\/em> \u00een Direc\u021bia juridic\u0103 \u0219i achizi\u021bii publice, cu preluarea activit\u0103\u021bii de achizi\u021bii publice, f\u0103r\u0103 modificarea atribu\u021biilor cu mai mult de 50%<\/p>\n<p>&#8211;<strong>Compartimentul juridic,contencios-administrativ, contracte \u0219i Arhiv\u0103<\/strong>\u00a0s<em>e reorganizeaz\u0103<\/em> \u00een Compartimentul juridic, contracte,cancelarie consiliu \u0219i arhiv\u0103 \u0219i se compune din 13 func\u021bii publice de execu\u021bie<\/p>\n<p>&#8211;<strong>Compartimentul coordonarea activit\u0103\u021bii consiliilor locale, editarea monitorului oficial al jude\u021bului, secretariat executiv ATOP, coordonarea activit\u0103\u021bii institu\u021biilor publice de cultur\u0103, registratur\u0103 \u0219i rela\u021bii cu publicul<\/strong> <em>se reorganizeaz\u0103<\/em> \u00een Compartimentul editarea monitorului oficial al jude\u021bului, secretariat executiv ATOP, registratur\u0103 \u0219i rela\u021bii cu publicul, cu 6 func\u021bii publice de execu\u021bie<\/p>\n<p>&#8211;<strong>Direc\u021bia achizi\u021bii \u0219i investi\u021bii publice<\/strong> <em>se desfiin\u021beaz\u0103<\/em> \u0219i celor 2 posturi de conducere ocupate li se vor aplica prevederile art. 99 \u00a0din Legea nr.188\/1999 privind Statutul func\u021bionarilor publici, republicat\u0103, cu modific\u0103rile \u0219i complet\u0103rile ulterioare<\/p>\n<p>&#8211;<strong>Compartimentul achizi\u021bii publice<\/strong> <em>trece<\/em> la Direc\u021bia juridic\u0103 \u0219i achizi\u021bii publice, cu un num\u0103r de 7 func\u021bii publice de execu\u021bie<\/p>\n<p>&#8211;<strong>Serviciul tehnic investi\u021bii<\/strong> <em>se reorganizeaz\u0103<\/em> la nivel de Compartiment\u00a0 \u0219i va trece \u00een cadrul Direc\u021biei economice \u0219i investi\u021bii<\/p>\n<p>&#8211;<strong>Direc\u021bia economic\u0103, patrimoniu, logistic\u0103 \u0219i situa\u021bii de urgen\u021b\u0103<\/strong> <em>se reorganizeaz\u0103<\/em> \u00een Direc\u021bia economic\u0103 \u0219i investi\u021bii, ce va prelua activitatea de investi\u021bii<\/p>\n<p>&#8211;<strong>Serviciul buget, finan\u021be \u0219i contabilitate<\/strong> alc\u0103tuit din o func\u021bie public\u0103 de conducere de \u0219ef serviciu ocupat\u0103 \u0219i 10 func\u021bii publice de execu\u021bie<\/p>\n<p>&#8211;<strong>Compartimentul managementul resurselor umane \u0219i salarizare<\/strong> <em>se reorganizeaz\u0103<\/em> \u00een 2 compartimente: Compartimentul salarizare \u00een cadrul Direc\u021biei economice \u0219i investi\u021bii \u0219i Compartimentul resurse umane \u0219i coordonarea activit\u0103\u021bii institu\u021biilor publice de cultur\u0103 cu activitatea de resurse umane<\/p>\n<p>&#8211;<strong>Serviciul tehnic-investi\u021bii<\/strong> <em>se reorganizeaz\u0103<\/em> \u00een Compartimentul investi\u021bii cu 9 func\u021bii publice de execu\u021bie<\/p>\n<p>&#8211;<strong>Compartimentul programe, investi\u021bii \u00een infrastructura local\u0103<\/strong>, <em>structur\u0103 nou infiin\u021bat\u0103,<\/em> cu\u00a0 6 posturi preluate \u00een regim contractual<\/p>\n<p>&#8211;<strong>Direc\u021bia logistic\u0103, tehnologia informa\u021biei \u0219i managementul spitalelor, nou \u00eenfiin\u021bat\u0103<\/strong>, condus\u0103 de un director executiv, func\u021bie public\u0103 de conducere \u00a0vacant\u0103<\/p>\n<p>&#8211;<strong>Compartimentul managementul spitalelor<\/strong> <em>trece<\/em> de la Direc\u021bia economic\u0103, patrimoniu, logistic\u0103 \u0219i situa\u021bii de urgen\u021b\u0103 la Direc\u021bia logistic\u0103, tehnologia informa\u021biei \u0219i managementul spitalelor \u0219i este format din 4 func\u021bii publice de execu\u021bie<\/p>\n<p>&#8211;<strong>Compartimentul gestiunea patrimoniului<\/strong> <em>trece<\/em> de la Direc\u021bia economic\u0103, patrimoniu, logistic\u0103 \u0219i situa\u021bii de urgen\u021b\u0103 la Direc\u021bia logistic\u0103, tehnologia informa\u021biei \u0219i managementul spitalelor<\/p>\n<p>&#8211;<strong>Compartimentul securitate \u0219i s\u0103n\u0103tate \u00een munc\u0103, situa\u021bii de urgen\u021b\u0103<\/strong>\u00a0<em>trece<\/em> de la Direc\u021bia economic\u0103, patrimoniu, logistic\u0103 \u0219i situa\u021bii de urgen\u021b\u0103 la Direc\u021bia logistic\u0103, tehnologia informa\u021biei \u0219i managementul spitalelor<\/p>\n<p>&#8211;<strong>Serviciul urbanism, amenajarea teritoriului \u0219i gestiunea localit\u0103\u021bilor<\/strong> <em>se redenume\u0219te<\/em> \u00een Serviciul urbanism \u0219i amenajarea teritoriului<\/p>\n<p>&#8211;<em><strong>Serviciul Centrul de afaceri transfrontalier se reorganizeaz\u0103 la nivel de Compartiment Centrul de afaceri transfrontalier cu 5 posturi de natur\u0103 contractual\u0103, iar func\u021bia de conducere contractual\u0103 de \u0219ef serviciu se desfiin\u021beaz\u0103<\/strong><\/em><\/p>\n<p>&#8211;<strong>Direc\u021bia cooperare interregional\u0103<\/strong>, strategii \u0219i proiecte <em>se reorganizeaz\u0103<\/em> la nivel de compartimente distincte<\/p>\n<p>&#8211;<strong>Compartimentul strategii, dezvoltare \u0219i tehnologia informa\u021biei<\/strong> <em>se va reorganiza<\/em> \u00een Compartimentul dezvoltare regional\u0103 alc\u0103tuit din 9 func\u021bii publice de execu\u021bie<\/p>\n<p>&#8211;<strong>Compartimentul management proiecte, cooperare interregional\u0103 \u0219i parteneriate<\/strong> <em>se reorganizeaz\u0103<\/em> \u00een Compartimentul Programe si proiecte europene cu 12 func\u021bii publice de execu\u021bie<\/p>\n<p><em><strong>De asemenea, mai multe posturi de director executiv sunt desfiin\u0163ate:<\/strong><\/em><\/p>\n<p>-Se desfiin\u021beaz\u0103 func\u021bia public\u0103 de conducere de director executiv ocupat\u0103 de doamna <strong>Pan\u0103 Lidia<\/strong> \u0219i i se vor aplica prevederile art. 99 \u00a0din Legea nr. 188\/1999 privind Statutul func\u021bionarilor publici, republicat\u0103, cu modific\u0103rile \u0219i complet\u0103rile ulterioare.<\/p>\n<p>-Se desfiin\u021beaz\u0103 func\u021bia public\u0103 de conducere de director executiv adjunct ocupat\u0103 de domnul <strong>\u021aone Cristian<\/strong> \u0219i i se vor aplica prevederile art. 99 \u00a0din Legea nr.188\/1999 privind Statutul func\u021bionarilor publici, republicat\u0103, cu modific\u0103rile \u0219i complet\u0103rile ulterioare<\/p>\n<p>-Func\u021bia public\u0103 de conducere de \u0219ef serviciu ocupat\u0103 de doamna <strong>Peicea Monica<\/strong> se desfiin\u021beaz\u0103 \u0219i i se vor aplica prevederile art. 99 \u00a0\u00a0din Legea nr. 188\/1999\u00a0 privind Statutul func\u021bionarilor publici, republicat\u0103, cu modific\u0103rile \u0219i complet\u0103rile ulterioare.<\/p>\n<p>-Func\u021bia public\u0103 de conducere de director executiv adjunct ocupat\u0103 de domnul <strong>Paraschivescu Traian<\/strong>, ce avea \u00een subordine activitatea de patrimoniu, managementul spitalelor \u0219i activitatea de securitate \u015fi s\u0103n\u0103tate \u00een munc\u0103, se desfiin\u021beaz\u0103 urmare a modific\u0103rii atribu\u021biilor cu mai mult de 50%, cu respectarea art. 99 \u00a0din Legea nr. 188\/1999 privind\u00a0 Statutul func\u021bionarilor publici, republicat\u0103, cu modific\u0103rile \u0219i complet\u0103rile ulterioare<\/p>\n<p>-Se desfiin\u021beaz\u0103 func\u021bia public\u0103 de conducere de director executiv ocupat\u0103 de domnul <strong>Mardale Nicu<\/strong> c\u0103ruia i se vor aplica prevederile art. 99 \u00a0\u00a0din Legea nr. 188\/1999 privind Statutul func\u021bionarilor publici, republicat\u0103, cu modific\u0103rile \u0219i complet\u0103rile ulterioare \u0219i func\u021bia public\u0103 de conducere de director executiv adjunct ocupat\u0103 de doamna Eftimiu Miruna la care se vor aplica prevederile art. 99 \u00a0\u00a0din Legea nr.188\/1999 privind Statutul func\u021bionarilor publici, republicat\u0103, cu modific\u0103rile \u0219i complet\u0103rile ulterioare.<\/p>\n<p>&nbsp;<\/p>\n<p>&nbsp;<\/p>\n","protected":false},"excerpt":{"rendered":"","protected":false},"author":1,"featured_media":49412,"comment_status":"open","ping_status":"open","sticky":false,"template":"","format":"standard","meta":{"slim_seo":{"title":"Reorganiz\u0103ri la Consiliul Jude\u0163ean Giurgiu. Ce modific\u0103ri au fost f\u0103cute? - GIURGIU NET","description":"Suplimentarea Ordinii de zi a \u015fedin\u0163ei ordinare de azi a Consiliului Jude\u0163ean Giurgiu a cuprins \u015fi un proiect ceva mai \u201efierbinte\u201d dec\u00e2t celelalte \u015fi care a viz"},"footnotes":""},"categories":[18,19,28],"tags":[606],"class_list":{"0":"post-51313","1":"post","2":"type-post","3":"status-publish","4":"format-standard","5":"has-post-thumbnail","7":"category-actual","8":"category-adm","9":"category-uo","10":"tag-cj-giurgiu"},"_links":{"self":[{"href":"https:\/\/giurgiu-net.ro\/index.php\/wp-json\/wp\/v2\/posts\/51313","targetHints":{"allow":["GET"]}}],"collection":[{"href":"https:\/\/giurgiu-net.ro\/index.php\/wp-json\/wp\/v2\/posts"}],"about":[{"href":"https:\/\/giurgiu-net.ro\/index.php\/wp-json\/wp\/v2\/types\/post"}],"author":[{"embeddable":true,"href":"https:\/\/giurgiu-net.ro\/index.php\/wp-json\/wp\/v2\/users\/1"}],"replies":[{"embeddable":true,"href":"https:\/\/giurgiu-net.ro\/index.php\/wp-json\/wp\/v2\/comments?post=51313"}],"version-history":[{"count":0,"href":"https:\/\/giurgiu-net.ro\/index.php\/wp-json\/wp\/v2\/posts\/51313\/revisions"}],"wp:featuredmedia":[{"embeddable":true,"href":"https:\/\/giurgiu-net.ro\/index.php\/wp-json\/wp\/v2\/media\/49412"}],"wp:attachment":[{"href":"https:\/\/giurgiu-net.ro\/index.php\/wp-json\/wp\/v2\/media?parent=51313"}],"wp:term":[{"taxonomy":"category","embeddable":true,"href":"https:\/\/giurgiu-net.ro\/index.php\/wp-json\/wp\/v2\/categories?post=51313"},{"taxonomy":"post_tag","embeddable":true,"href":"https:\/\/giurgiu-net.ro\/index.php\/wp-json\/wp\/v2\/tags?post=51313"}],"curies":[{"name":"wp","href":"https:\/\/api.w.org\/{rel}","templated":true}]}}