{"id":51115,"date":"2017-03-13T12:32:30","date_gmt":"2017-03-13T10:32:30","guid":{"rendered":"http:\/\/giurgiu-net.ro\/?p=51115"},"modified":"2017-03-13T12:32:30","modified_gmt":"2017-03-13T10:32:30","slug":"liviu-dragnea-primarii-trebuie-sa-raspunda-doar-pentru-legalitate-nu-si-pentru-oportunitate","status":"publish","type":"post","link":"https:\/\/giurgiu-net.ro\/index.php\/2017\/03\/13\/liviu-dragnea-primarii-trebuie-sa-raspunda-doar-pentru-legalitate-nu-si-pentru-oportunitate\/","title":{"rendered":"Liviu Dragnea: Primarii trebuie s\u0103 r\u0103spund\u0103 doar pentru legalitate, nu \u015fi pentru oportunitate"},"content":{"rendered":"<p>Pre\u015fedintele Camerei Deputa\u021bilor, Liviu Dragnea, a f\u0103cut aceast\u0103 declara\u0163ie luni, 13 martie, la Adunarea General\u0103 a Asocia\u0163iei Municipiilor din Rom\u00e2nia, \u00een contextul motiv\u0103rii deciziei Cur\u0163ii Constitu\u0163ionale de vinerea trecut\u0103, noteaz\u0103 presa central\u0103.<!--more--><\/p>\n<p>&#8222;Vreau s\u0103 m\u0103 refer la motivarea deciziei Cur\u021bii Constitu\u021bionale de vineri care, dincolo de alte considerente, statueaz\u0103 un lucru despre care noi to\u021bi vorbim de foarte mul\u021bi ani, anume stabile\u0219te o delimitare clar\u0103 \u00eentre oportunitate \u0219i legalitate \u0219i nu e vorba numai de mini\u0219tri, e vorba inclusiv de primari, de restul ale\u0219ilor locali.<\/p>\n<p>Pentru c\u0103, de mult prea multe ori, majoritatea institu\u021biilor publice de control din Rom\u00e2nia \u2014 Curtea de Conturi, parchete, alte institu\u021bii \u2014 au venit s\u0103 \u00eentrebe primarul de ce au f\u0103cut drumul \u0103la \u0219i nu cel\u0103lalt drum sau de ce a f\u0103cut acea investi\u021bie \u0219i nu cealalt\u0103 investi\u021bie. Cred c\u0103 aceast\u0103 decizie a CCR ar trebui s\u0103 fie luat\u0103 \u00een seam\u0103 \u00een mod serios. (&#8230;) Primarul trebuie s\u0103 r\u0103spund\u0103 doar \u00een ceea ce prive\u0219te legalitatea, nu poate s\u0103 fie controlat \u00een ceea ce prive\u0219te oportunitatea&#8221;, a spus Dragnea, preciz\u00e2nd c\u0103 \u201eexist\u0103 instrumente de control pentru primari, anume cet\u0103\u021benii care i-au ales, instrumentul referendumului sau votul\u201d.<\/p>\n<p>&#8222;At\u00e2ta timp c\u00e2t \u00een Constitu\u021bie spune c\u0103 \u00ee\u0219i exercit\u0103 suveranitatea prin structurile sale constituite prin alegeri libere \u0219i corecte, din c\u00e2te \u00eemi aduc aminte \u0219i primarii sunt rezultatul unor alegeri libere \u0219i corecte, deci \u0219i primarii sunt parte a suveranit\u0103\u021bii poporului rom\u00e2n. Deci orice atac dincolo de legalitate \u00eempotriva primarului e de fapt un atac asupra comunit\u0103\u021bilor pe care le reprezint\u0103 primarul respectiv&#8221;, a mai spus Dragnea.<\/p>\n<p>&nbsp;<\/p>\n","protected":false},"excerpt":{"rendered":"<p>Pre\u015fedintele Camerei Deputa\u021bilor, Liviu Dragnea, a f\u0103cut aceast\u0103 declara\u0163ie luni, 13 martie, la Adunarea General\u0103 a Asocia\u0163iei Municipiilor din Rom\u00e2nia, \u00een contextul motiv\u0103rii deciziei Cur\u0163ii Constitu\u0163ionale de vinerea trecut\u0103, noteaz\u0103 presa central\u0103.<\/p>\n","protected":false},"author":1,"featured_media":51116,"comment_status":"open","ping_status":"open","sticky":false,"template":"","format":"standard","meta":{"slim_seo":{"title":"Liviu Dragnea: Primarii trebuie s\u0103 r\u0103spund\u0103 doar pentru legalitate, nu \u015fi pentru oportunitate - GIURGIU NET","description":"Pre\u015fedintele Camerei Deputa\u021bilor, Liviu Dragnea, a f\u0103cut aceast\u0103 declara\u0163ie luni, 13 martie, la Adunarea General\u0103 a Asocia\u0163iei Municipiilor din Rom\u00e2nia, \u00een cont"},"footnotes":""},"categories":[18,19,25],"tags":[1554],"class_list":{"0":"post-51115","1":"post","2":"type-post","3":"status-publish","4":"format-standard","5":"has-post-thumbnail","7":"category-actual","8":"category-adm","9":"category-pol","10":"tag-liviu-dragnea"},"_links":{"self":[{"href":"https:\/\/giurgiu-net.ro\/index.php\/wp-json\/wp\/v2\/posts\/51115","targetHints":{"allow":["GET"]}}],"collection":[{"href":"https:\/\/giurgiu-net.ro\/index.php\/wp-json\/wp\/v2\/posts"}],"about":[{"href":"https:\/\/giurgiu-net.ro\/index.php\/wp-json\/wp\/v2\/types\/post"}],"author":[{"embeddable":true,"href":"https:\/\/giurgiu-net.ro\/index.php\/wp-json\/wp\/v2\/users\/1"}],"replies":[{"embeddable":true,"href":"https:\/\/giurgiu-net.ro\/index.php\/wp-json\/wp\/v2\/comments?post=51115"}],"version-history":[{"count":0,"href":"https:\/\/giurgiu-net.ro\/index.php\/wp-json\/wp\/v2\/posts\/51115\/revisions"}],"wp:featuredmedia":[{"embeddable":true,"href":"https:\/\/giurgiu-net.ro\/index.php\/wp-json\/"}],"wp:attachment":[{"href":"https:\/\/giurgiu-net.ro\/index.php\/wp-json\/wp\/v2\/media?parent=51115"}],"wp:term":[{"taxonomy":"category","embeddable":true,"href":"https:\/\/giurgiu-net.ro\/index.php\/wp-json\/wp\/v2\/categories?post=51115"},{"taxonomy":"post_tag","embeddable":true,"href":"https:\/\/giurgiu-net.ro\/index.php\/wp-json\/wp\/v2\/tags?post=51115"}],"curies":[{"name":"wp","href":"https:\/\/api.w.org\/{rel}","templated":true}]}}