{"id":51080,"date":"2017-03-10T10:40:00","date_gmt":"2017-03-10T08:40:00","guid":{"rendered":"http:\/\/giurgiu-net.ro\/?p=51080"},"modified":"2017-03-10T10:40:00","modified_gmt":"2017-03-10T08:40:00","slug":"senatorii-vor-decide-daca-va-trece-proiectul-privind-reglementarea-invatamantului-dual-despre-ce-este-vorba","status":"publish","type":"post","link":"https:\/\/giurgiu-net.ro\/index.php\/2017\/03\/10\/senatorii-vor-decide-daca-va-trece-proiectul-privind-reglementarea-invatamantului-dual-despre-ce-este-vorba\/","title":{"rendered":"Senatorii vor decide dac\u0103 va trece proiectul privind reglementarea \u00eenv\u0103\u0163\u0103m\u00e2ntului dual. DESPRE CE este vorba?"},"content":{"rendered":"<p><strong>Deputa\u0163ii au aprobat, s\u0103pt\u0103m\u00e2na aceasta, proiectul de Lege pentru aprobarea Ordonan\u0163ei de urgen\u0163\u0103 a Guvernului nr.81\/2016 privind modificarea \u015fi completarea Legii educa\u0163iei na\u0163ionale nr.1\/2011 \u2013 Plx 11\/2017<\/strong><!--more--><\/p>\n<p>Reprezentan\u0163ii Camerei Deputa\u0163ilor transmit c\u0103 proiectul de lege, care are ca scop reglementarea \u00eenv\u0103\u0163\u0103m\u00e2ntului dual, urmeaz\u0103 s\u0103 fie dezb\u0103tut \u00een Senat, \u00een calitate de camer\u0103 decizional\u0103.<\/p>\n<p>Modific\u0103ri aduse de proiectul de lege adoptat cu sus\u0163inerea Grupului Parlamentar al PSD:<\/p>\n<p><strong>\u00centre cele mai importante modific\u0103ri pe care le aduce noul act normativ, sus\u0163inut \u015fi votat de Grupul Parlamentar al PSD, se num\u0103r\u0103:<\/strong><\/p>\n<p>-instituirea unor m\u0103suri privind accesul la o gam\u0103 variat\u0103 de oportunit\u0103\u0163i de formare profesional\u0103 pentru absolven\u0163ii de gimnaziu;<\/p>\n<p>-organizarea de unit\u0103\u0163i de \u00eenv\u0103\u0163\u0103m\u00e2nt de stat cu personalitate juridic\u0103 cu efective mai mici de elevi, dar nu mai pu\u0163ini de 100;<\/p>\n<p>-redefinirea \u00eenv\u0103\u0163\u0103m\u00e2ntului dual ca form\u0103 de organizare a celui profesional \u015fi tehnic;<\/p>\n<p>-admiterea, durata \u015fi programele de preg\u0103tire \u00eentr-o asemenea form\u0103 de \u00eenv\u0103\u0163\u0103m\u00e2nt;<\/p>\n<p>-autorizarea\/creditarea operatorilor economici implica\u0163i \u00een formarea profesional\u0103 c\u00e2t \u015fi stabilirea condi\u0163iilor de ocupare a posturilor didactice \u015fi catedrelor vacante \u015fi rezervate.<\/p>\n<p><strong>\u00a0<\/strong><em><strong>Context:<\/strong><\/em><\/p>\n<p>Idealul educa\u0163ional al \u015fcolii rom\u00e2ne\u015fti const\u0103 \u00een dezvoltarea liber\u0103, integral\u0103 \u015fi armonioas\u0103 a individualit\u0103\u0163ii umane, \u00een formarea personalit\u0103\u0163ii autonome \u015fi \u00een asumarea unui sistem de valori necesar pentru \u00eemplinirea \u015fi dezvoltarea oric\u0103rui om. Av\u00e2nd \u00een vedere aceste deziderate, precum \u015fi nevoia de adaptare permanent a \u00eenv\u0103\u0163\u0103m\u00e2ntului rom\u00e2nesc la cerin\u0163ele\u00a0 \u015fi la dinamica pie\u0163ei muncii, este necesar\u0103 \u00eembun\u0103t\u0103\u0163irea reac\u0163iilor sistemului de educa\u0163ie \u015fi formare profesional\u0103 la realitatea economic\u0103 \u015fi social\u0103 din Rom\u00e2nia.<\/p>\n<p>\u00cembun\u0103t\u0103\u0163irea sistemului de \u00eenv\u0103\u0163\u0103m\u00e2nt a fost \u015fi r\u0103m\u00e2ne o prioritate a social-democra\u0163ilor, \u00eentruc\u00e2t o Educa\u0163ie modern\u0103, eficient\u0103 \u015fi armonizat\u0103 cu cerin\u0163ele pie\u0163ei muncii reprezint\u0103 baza unei societ\u0103\u0163i \u015fi a unei economii s\u0103n\u0103toase.<\/p>\n","protected":false},"excerpt":{"rendered":"<p>Deputa\u0163ii au aprobat, s\u0103pt\u0103m\u00e2na aceasta, proiectul de Lege pentru aprobarea Ordonan\u0163ei de urgen\u0163\u0103 a Guvernului nr.81\/2016 privind modificarea \u015fi completarea Legii educa\u0163iei na\u0163ionale nr.1\/2011 \u2013 Plx 11\/2017<\/p>\n","protected":false},"author":1,"featured_media":51081,"comment_status":"open","ping_status":"open","sticky":false,"template":"","format":"standard","meta":{"slim_seo":{"title":"Senatorii vor decide dac\u0103 va trece proiectul privind reglementarea \u00eenv\u0103\u0163\u0103m\u00e2ntului dual. DESPRE CE este vorba? - GIURGIU NET","description":"Deputa\u0163ii au aprobat, s\u0103pt\u0103m\u00e2na aceasta, proiectul de Lege pentru aprobarea Ordonan\u0163ei de urgen\u0163\u0103 a Guvernului nr.81\/2016 privind modificarea \u015fi completarea Leg"},"footnotes":""},"categories":[18,29,26],"tags":[1411],"class_list":{"0":"post-51080","1":"post","2":"type-post","3":"status-publish","4":"format-standard","5":"has-post-thumbnail","7":"category-actual","8":"category-educatie-si-cultura","9":"category-soc","10":"tag-invatamant-profesional"},"_links":{"self":[{"href":"https:\/\/giurgiu-net.ro\/index.php\/wp-json\/wp\/v2\/posts\/51080","targetHints":{"allow":["GET"]}}],"collection":[{"href":"https:\/\/giurgiu-net.ro\/index.php\/wp-json\/wp\/v2\/posts"}],"about":[{"href":"https:\/\/giurgiu-net.ro\/index.php\/wp-json\/wp\/v2\/types\/post"}],"author":[{"embeddable":true,"href":"https:\/\/giurgiu-net.ro\/index.php\/wp-json\/wp\/v2\/users\/1"}],"replies":[{"embeddable":true,"href":"https:\/\/giurgiu-net.ro\/index.php\/wp-json\/wp\/v2\/comments?post=51080"}],"version-history":[{"count":0,"href":"https:\/\/giurgiu-net.ro\/index.php\/wp-json\/wp\/v2\/posts\/51080\/revisions"}],"wp:featuredmedia":[{"embeddable":true,"href":"https:\/\/giurgiu-net.ro\/index.php\/wp-json\/"}],"wp:attachment":[{"href":"https:\/\/giurgiu-net.ro\/index.php\/wp-json\/wp\/v2\/media?parent=51080"}],"wp:term":[{"taxonomy":"category","embeddable":true,"href":"https:\/\/giurgiu-net.ro\/index.php\/wp-json\/wp\/v2\/categories?post=51080"},{"taxonomy":"post_tag","embeddable":true,"href":"https:\/\/giurgiu-net.ro\/index.php\/wp-json\/wp\/v2\/tags?post=51080"}],"curies":[{"name":"wp","href":"https:\/\/api.w.org\/{rel}","templated":true}]}}