{"id":50828,"date":"2017-02-27T11:08:25","date_gmt":"2017-02-27T09:08:25","guid":{"rendered":"http:\/\/giurgiu-net.ro\/?p=50828"},"modified":"2017-02-27T11:08:25","modified_gmt":"2017-02-27T09:08:25","slug":"jandarmii-au-oferit-fructe-si-prajituri-copiilor-la-festivalul-primaverii","status":"publish","type":"post","link":"https:\/\/giurgiu-net.ro\/index.php\/2017\/02\/27\/jandarmii-au-oferit-fructe-si-prajituri-copiilor-la-festivalul-primaverii\/","title":{"rendered":"Jandarmii au oferit fructe \u0219i pr\u0103jituri copiilor la \u201cFestivalul Prim\u0103verii\u201d"},"content":{"rendered":"<p><strong><em>Jandarmii s-au al\u0103turat organizatorilor \u201cFestivalului Prim\u0103verii\u201d, iar <\/em><\/strong><strong><em>ast\u0103zi, 27 februarie a.c., au fost prezen\u021bi la t\u00e2rgul de m\u0103r\u021bi\u0219oare realizate manual, al\u0103turi de elevii \u0219colilor giurgiuvene, copiii cu dizabilit\u0103\u021bi sau institu\u021bionaliza\u021bi. Acestora, jandarmii le-au preg\u0103tit fructe \u0219i pr\u0103jituri oferite drept r\u0103splat\u0103 pentru talentul, perseveren\u021ba \u0219i munca depus\u0103. <\/em><\/strong><!--more--><\/p>\n<p><img loading=\"lazy\" decoding=\"async\" class=\"aligncenter size-full wp-image-50829\" src=\"https:\/\/giurgiu-net.ro\/wp-content\/uploads\/2017\/02\/1-1.jpg\" alt=\"\" width=\"1440\" height=\"958\" \/>M\u0103r\u021bi\u0219oarele realizate de reprezentan\u021bii Direc\u021biei Generale de Asisten\u021b\u0103 Social\u0103 \u0219i Protec\u021bia Copilului, Asocia\u021biei \u201cLicurici\u201d \u0219i ai Asocia\u021biei de sprijin a copiilor cu handicap fizic, filiala Giurgiu au fost cump\u0103rate de jandarmi, impresiona\u021bi de creativitatea de care au dat dovad\u0103 copiii \u00een confec\u021bionarea acestora.<img loading=\"lazy\" decoding=\"async\" class=\"aligncenter size-full wp-image-50830\" src=\"https:\/\/giurgiu-net.ro\/wp-content\/uploads\/2017\/02\/IMG_0039.jpg\" alt=\"\" width=\"3088\" height=\"2056\" \/><\/p>\n<p>Pentru ca acest festival s\u0103 se desf\u0103\u0219oare \u00een siguran\u021b\u0103, \u00een perioada 27-28 februarie a.c., \u00eentre orele 10.00-18.00, jandarmii asigur\u0103 m\u0103surile de ordine \u00een zon\u0103.<\/p>\n<p>IJJ Giurgiu<\/p>\n","protected":false},"excerpt":{"rendered":"<p>Jandarmii s-au al\u0103turat organizatorilor \u201cFestivalului Prim\u0103verii\u201d, iar ast\u0103zi, 27 februarie a.c., au fost prezen\u021bi la t\u00e2rgul de m\u0103r\u021bi\u0219oare realizate manual, al\u0103turi de elevii \u0219colilor giurgiuvene, copiii cu dizabilit\u0103\u021bi sau institu\u021bionaliza\u021bi. Acestora, jandarmii le-au preg\u0103tit fructe \u0219i pr\u0103jituri oferite drept r\u0103splat\u0103 pentru talentul, perseveren\u021ba \u0219i munca depus\u0103.<\/p>\n","protected":false},"author":1,"featured_media":50829,"comment_status":"open","ping_status":"open","sticky":false,"template":"","format":"standard","meta":{"slim_seo":{"title":"Jandarmii au oferit fructe \u0219i pr\u0103jituri copiilor la \u201cFestivalul Prim\u0103verii\u201d - GIURGIU NET","description":"Jandarmii s-au al\u0103turat organizatorilor \u201cFestivalului Prim\u0103verii\u201d, iar ast\u0103zi, 27 februarie a.c., au fost prezen\u021bi la t\u00e2rgul de m\u0103r\u021bi\u0219oare realizate manual, al\u0103"},"footnotes":""},"categories":[18,26],"tags":[1109],"class_list":{"0":"post-50828","1":"post","2":"type-post","3":"status-publish","4":"format-standard","5":"has-post-thumbnail","7":"category-actual","8":"category-soc","9":"tag-festivalul-primaverii"},"_links":{"self":[{"href":"https:\/\/giurgiu-net.ro\/index.php\/wp-json\/wp\/v2\/posts\/50828","targetHints":{"allow":["GET"]}}],"collection":[{"href":"https:\/\/giurgiu-net.ro\/index.php\/wp-json\/wp\/v2\/posts"}],"about":[{"href":"https:\/\/giurgiu-net.ro\/index.php\/wp-json\/wp\/v2\/types\/post"}],"author":[{"embeddable":true,"href":"https:\/\/giurgiu-net.ro\/index.php\/wp-json\/wp\/v2\/users\/1"}],"replies":[{"embeddable":true,"href":"https:\/\/giurgiu-net.ro\/index.php\/wp-json\/wp\/v2\/comments?post=50828"}],"version-history":[{"count":0,"href":"https:\/\/giurgiu-net.ro\/index.php\/wp-json\/wp\/v2\/posts\/50828\/revisions"}],"wp:featuredmedia":[{"embeddable":true,"href":"https:\/\/giurgiu-net.ro\/index.php\/wp-json\/"}],"wp:attachment":[{"href":"https:\/\/giurgiu-net.ro\/index.php\/wp-json\/wp\/v2\/media?parent=50828"}],"wp:term":[{"taxonomy":"category","embeddable":true,"href":"https:\/\/giurgiu-net.ro\/index.php\/wp-json\/wp\/v2\/categories?post=50828"},{"taxonomy":"post_tag","embeddable":true,"href":"https:\/\/giurgiu-net.ro\/index.php\/wp-json\/wp\/v2\/tags?post=50828"}],"curies":[{"name":"wp","href":"https:\/\/api.w.org\/{rel}","templated":true}]}}