{"id":50779,"date":"2017-02-23T10:01:56","date_gmt":"2017-02-23T08:01:56","guid":{"rendered":"http:\/\/giurgiu-net.ro\/?p=50779"},"modified":"2017-02-23T10:01:56","modified_gmt":"2017-02-23T08:01:56","slug":"liviu-dragnea-cred-cu-tarie-ca-acest-guvern-va-ramane-pentru-ca-majoritatea-parlamentara-nu-poate-fi-rupta","status":"publish","type":"post","link":"https:\/\/giurgiu-net.ro\/index.php\/2017\/02\/23\/liviu-dragnea-cred-cu-tarie-ca-acest-guvern-va-ramane-pentru-ca-majoritatea-parlamentara-nu-poate-fi-rupta\/","title":{"rendered":"Liviu Dragnea: Cred cu t\u0103rie c\u0103 acest guvern va r\u0103m\u00e2ne pentru c\u0103 majoritatea parlamentar\u0103 nu poate fi rupt\u0103"},"content":{"rendered":"<p>Pre\u015fedintele PSD a f\u0103cut aceast\u0103 afirma\u0163ie, seara trecut\u0103, la o emisiune televizat\u0103. Liviu Dragnea a spus c\u0103, \u00een opinia sa, indiferent de atacuri, &#8222;chiar de la pre\u015fedinte&#8221;, Guvernul va rezista &#8222;poate chiar tot mandatul&#8221;.<!--more--><\/p>\n<p>&nbsp;<\/p>\n<p><em>&#8222;Cred cu t\u0103rie c\u0103 acest guvern va r\u0103m\u00e2ne pentru c\u0103 majoritatea parlamentar\u0103 nu poate fi rupt\u0103. (&#8230;) Eu sunt absolut convins c\u0103 acest guvern va rezista (&#8230;) poate chiar tot mandatul. Numai Dumnezeu \u0219tie ce se \u00eent\u00e2mpl\u0103, dar din punct de vedere politic nu pot s\u0103 fie probleme(&#8230;). Din punct de vedere al atacurilor, chiar de la pre\u0219edinte, chiar de la alte institu\u021bii, acest guvern va rezista. Este un guvern care nu s-a dus acolo s\u0103 fac\u0103 ilegalit\u0103\u021bi, nu s-a dus acolo s\u0103 fure. Dimpotriv\u0103, vrea s\u0103 pun\u0103 \u00een practic\u0103 un program de guvernare&#8221;<\/em>, a spus Dragnea, seara trecut\u0103.<\/p>\n<p>Totodat\u0103, liderul social-democrat a precizat c\u0103 sus\u021binerea PSD pentru el ca pre\u0219edinte, pentru Guvern \u0219i pentru premier este &#8222;uria\u0219\u0103&#8221;.<\/p>\n<p>&nbsp;<\/p>\n<p>&nbsp;<\/p>\n","protected":false},"excerpt":{"rendered":"<p>Pre\u015fedintele PSD a f\u0103cut aceast\u0103 afirma\u0163ie, seara trecut\u0103, la o emisiune televizat\u0103. Liviu Dragnea a spus c\u0103, \u00een opinia sa, indiferent de atacuri, &#8222;chiar de la pre\u015fedinte&#8221;, Guvernul va rezista &#8222;poate chiar tot mandatul&#8221;.<\/p>\n","protected":false},"author":1,"featured_media":46901,"comment_status":"open","ping_status":"open","sticky":false,"template":"","format":"standard","meta":{"slim_seo":{"title":"Liviu Dragnea: Cred cu t\u0103rie c\u0103 acest guvern va r\u0103m\u00e2ne pentru c\u0103 majoritatea parlamentar\u0103 nu poate fi rupt\u0103 - GIURGIU NET","description":"Pre\u015fedintele PSD a f\u0103cut aceast\u0103 afirma\u0163ie, seara trecut\u0103, la o emisiune televizat\u0103. Liviu Dragnea a spus c\u0103, \u00een opinia sa, indiferent de atacuri, \"chiar de la"},"footnotes":""},"categories":[18,25],"tags":[1554],"class_list":{"0":"post-50779","1":"post","2":"type-post","3":"status-publish","4":"format-standard","5":"has-post-thumbnail","7":"category-actual","8":"category-pol","9":"tag-liviu-dragnea"},"_links":{"self":[{"href":"https:\/\/giurgiu-net.ro\/index.php\/wp-json\/wp\/v2\/posts\/50779","targetHints":{"allow":["GET"]}}],"collection":[{"href":"https:\/\/giurgiu-net.ro\/index.php\/wp-json\/wp\/v2\/posts"}],"about":[{"href":"https:\/\/giurgiu-net.ro\/index.php\/wp-json\/wp\/v2\/types\/post"}],"author":[{"embeddable":true,"href":"https:\/\/giurgiu-net.ro\/index.php\/wp-json\/wp\/v2\/users\/1"}],"replies":[{"embeddable":true,"href":"https:\/\/giurgiu-net.ro\/index.php\/wp-json\/wp\/v2\/comments?post=50779"}],"version-history":[{"count":0,"href":"https:\/\/giurgiu-net.ro\/index.php\/wp-json\/wp\/v2\/posts\/50779\/revisions"}],"wp:featuredmedia":[{"embeddable":true,"href":"https:\/\/giurgiu-net.ro\/index.php\/wp-json\/"}],"wp:attachment":[{"href":"https:\/\/giurgiu-net.ro\/index.php\/wp-json\/wp\/v2\/media?parent=50779"}],"wp:term":[{"taxonomy":"category","embeddable":true,"href":"https:\/\/giurgiu-net.ro\/index.php\/wp-json\/wp\/v2\/categories?post=50779"},{"taxonomy":"post_tag","embeddable":true,"href":"https:\/\/giurgiu-net.ro\/index.php\/wp-json\/wp\/v2\/tags?post=50779"}],"curies":[{"name":"wp","href":"https:\/\/api.w.org\/{rel}","templated":true}]}}