{"id":50768,"date":"2017-02-22T11:13:47","date_gmt":"2017-02-22T09:13:47","guid":{"rendered":"http:\/\/giurgiu-net.ro\/?p=50768"},"modified":"2017-02-22T11:13:47","modified_gmt":"2017-02-22T09:13:47","slug":"giurgiuveni-sunteti-invitati-la-festivalul-primaverii","status":"publish","type":"post","link":"https:\/\/giurgiu-net.ro\/index.php\/2017\/02\/22\/giurgiuveni-sunteti-invitati-la-festivalul-primaverii\/","title":{"rendered":"Giurgiuveni, sunte\u0163i invita\u0163i la Festivalul Prim\u0103verii!"},"content":{"rendered":"<p style=\"text-align: center;\"><!--more--><em>Dou\u0103 zile cu spectacole sus\u0163inute de arti\u015fti locali, concursuri, jocuri \u015fi multe m\u0103r\u0163i\u015foare frumoase, deosebite, lucrate de copiii giurgiuveni.<\/em><\/p>\n<p>Evenimentul se va desf\u0103\u015fura luni \u015fi mar\u0163i, 27, respectiv 28 februarie, \u00een fa\u0163a Teatrului \u201eTudor Vianu\u201d din municipiu.<\/p>\n<p>Pe <strong>27 februarie<\/strong>, \u00eentre orele <strong>10.00 \u015fi 18.00<\/strong>, va avea loc un t\u00e2rg de m\u0103r\u0163i\u015foare realizate manual de c\u0103tre elevi de la \u015fcoli \u015fi licee din ora\u015f, de copii cu dizabilit\u0103\u0163i, copii institu\u0163ionaliza\u0163i \u015fi arti\u015fti plastici giurgiuveni.<\/p>\n<p>Tot luni, 27 februarie, \u00eentre orele <strong>10.30 \u015fi 13.30<\/strong>, pe scena din fa\u0163a Teatrului \u201eTudor Vianu\u201d, se va desf\u0103\u015fura un spectacol muzical coregrafic realizat de Centrul Jude\u0163ean pentru Conservarea \u015fi Promovarea Culturii Tradi\u0163ionale \u015fi Centrul Cultural \u201eIon Vinea\u201d.<\/p>\n<p>\u00cen aceea\u015fi zi, \u00eentre orele <strong>14.00 \u015fi 16.00<\/strong>, \u00een incinta teatrului va fi organizat \u201eAtelierul lui Pixie\u201d- activit\u0103\u0163i recreative \u015fi dezvoltare personal\u0103, iar \u00eentre orele 16.00 \u015fi 18.00, pe scena din fa\u0163a institu\u0163iei de cultur\u0103 amintite, vor fi urm\u0103toarele activit\u0103\u0163i: c\u00e2ntec \u015fi obicei de 1 Martie- Forma\u0163ia de Folclor Autentic, satuc Mechca, Ivanovo, Bulgaria.<\/p>\n<p>-spectacol muzical coregrafic \u015fi momente de teatru sus\u0163inute de elevi de la Palatul Copiilor Giurgiu, dar \u015fi un spectacol de muzic\u0103 \u015fi dans cu arti\u015ftii Centrului Jude\u0163ean pentru Conservarea \u015fi Promovarea Culturii Tradi\u0163ionale Giurgiu.<\/p>\n<p>Programul pentru mar\u0163i, <strong>28 februarie<\/strong>, este aproape la fel cu cel din 27 februarie, cu excep\u0163ia faptului c\u0103 \u00eentre orele 16.00 \u015fi 18.00, \u00een incinta Teatrului \u201eTudor Vianu\u201d- sala atelier- va fi o prezentare de mod\u0103.<\/p>\n<p>Seara se va \u00eencheia, de asemenea, cu un spectacol al elevilor de la Palatul Copiilor, cu un alt moment muzical al elevilor de la CJCPCT.<\/p>\n<p>De men\u0163ionat este c\u0103, \u00een cadrul t\u00e2rgului de m\u0103r\u0163i\u015foare va fi amenajat un stand unde pot fi f\u0103cute dona\u0163ii const\u00e2nd \u00een: dulciuri, fructe \u015fi juc\u0103rii.<\/p>\n<p>Pe parcursul celor dou\u0103 zile de spectacol vor avea loc jocuri \u015fi concursuri cu premii.<img loading=\"lazy\" decoding=\"async\" class=\"aligncenter size-full wp-image-50769\" src=\"https:\/\/giurgiu-net.ro\/wp-content\/uploads\/2017\/02\/festival-primavara.jpg\" alt=\"\" width=\"480\" height=\"688\" \/><\/p>\n<p>Festivalul Prim\u0103verii este organizat de Centrul de Afaceri Danubius din cadrul Consiliului Jude\u0163ean Giurgiu.<\/p>\n","protected":false},"excerpt":{"rendered":"","protected":false},"author":1,"featured_media":50770,"comment_status":"open","ping_status":"open","sticky":false,"template":"","format":"standard","meta":{"slim_seo":{"title":"Giurgiuveni, sunte\u0163i invita\u0163i la Festivalul Prim\u0103verii! - GIURGIU NET","description":"Dou\u0103 zile cu spectacole sus\u0163inute de arti\u015fti locali, concursuri, jocuri \u015fi multe m\u0103r\u0163i\u015foare frumoase, deosebite, lucrate de copiii giurgiuveni. Evenimentul se v"},"footnotes":""},"categories":[18,26],"tags":[606,1109],"class_list":{"0":"post-50768","1":"post","2":"type-post","3":"status-publish","4":"format-standard","5":"has-post-thumbnail","7":"category-actual","8":"category-soc","9":"tag-cj-giurgiu","10":"tag-festivalul-primaverii"},"_links":{"self":[{"href":"https:\/\/giurgiu-net.ro\/index.php\/wp-json\/wp\/v2\/posts\/50768","targetHints":{"allow":["GET"]}}],"collection":[{"href":"https:\/\/giurgiu-net.ro\/index.php\/wp-json\/wp\/v2\/posts"}],"about":[{"href":"https:\/\/giurgiu-net.ro\/index.php\/wp-json\/wp\/v2\/types\/post"}],"author":[{"embeddable":true,"href":"https:\/\/giurgiu-net.ro\/index.php\/wp-json\/wp\/v2\/users\/1"}],"replies":[{"embeddable":true,"href":"https:\/\/giurgiu-net.ro\/index.php\/wp-json\/wp\/v2\/comments?post=50768"}],"version-history":[{"count":0,"href":"https:\/\/giurgiu-net.ro\/index.php\/wp-json\/wp\/v2\/posts\/50768\/revisions"}],"wp:featuredmedia":[{"embeddable":true,"href":"https:\/\/giurgiu-net.ro\/index.php\/wp-json\/"}],"wp:attachment":[{"href":"https:\/\/giurgiu-net.ro\/index.php\/wp-json\/wp\/v2\/media?parent=50768"}],"wp:term":[{"taxonomy":"category","embeddable":true,"href":"https:\/\/giurgiu-net.ro\/index.php\/wp-json\/wp\/v2\/categories?post=50768"},{"taxonomy":"post_tag","embeddable":true,"href":"https:\/\/giurgiu-net.ro\/index.php\/wp-json\/wp\/v2\/tags?post=50768"}],"curies":[{"name":"wp","href":"https:\/\/api.w.org\/{rel}","templated":true}]}}