{"id":50765,"date":"2017-02-22T10:26:48","date_gmt":"2017-02-22T08:26:48","guid":{"rendered":"http:\/\/giurgiu-net.ro\/?p=50765"},"modified":"2017-02-22T10:26:48","modified_gmt":"2017-02-22T08:26:48","slug":"strangea-lemne-de-pe-strada-ca-sa-se-incalzeasca-acum-va-avea-caldura-in-soba-pana-la-primavara","status":"publish","type":"post","link":"https:\/\/giurgiu-net.ro\/index.php\/2017\/02\/22\/strangea-lemne-de-pe-strada-ca-sa-se-incalzeasca-acum-va-avea-caldura-in-soba-pana-la-primavara\/","title":{"rendered":"Str\u00e2ngea lemne de pe strad\u0103 ca s\u0103 se \u00eenc\u0103lzeasc\u0103! Acum, va avea c\u0103ldur\u0103 \u00een sob\u0103 p\u00e2n\u0103 la prim\u0103var\u0103"},"content":{"rendered":"<p><!--more--><\/p>\n<p>O b\u0103tr\u00e2n\u0103, \u00een v\u00e2rst\u0103 de 81 de ani, din municipiul Giurgiu a primit ajutor de la autorit\u0103\u0163ile locale, dup\u0103 ce un poli\u0163ist local a surprins-o sco\u0163\u00e2nd un par din lemn ce sus\u021binea copacii planta\u021bi pe \u0219oseaua de Centur\u0103 a Ora\u0219ului. Ea i-a spus poli\u0163istului c\u0103 a fost nevoit\u0103 s\u0103 recurg\u0103 la un asemenea gest, deoarece a r\u0103mas f\u0103r\u0103 lemne \u015fi f\u0103r\u0103 bani pentru acestea.<\/p>\n<p>Conducerea Prim\u0103riei Giurgiu a decis a\u015fadar s\u0103 o ajute pe b\u0103tr\u00e2n\u0103 \u015fi i-au trimis mar\u0163i, 21 februarie, aproximativ cinci tone de lemne.<\/p>\n<p>\u201eFemeia \u00een v\u00e2rst\u0103 de 81 de ani tr\u0103ie\u0219te \u00eempreun\u0103 cu nepoata ei care are 14 ani, situa\u021bia material\u0103 a acestei familii fiind una precar\u0103\u201d, se arat\u0103 \u00eentr-un comunicat al Prim\u0103riei Giurgiu.<\/p>\n<p>&nbsp;<\/p>\n","protected":false},"excerpt":{"rendered":"","protected":false},"author":1,"featured_media":50766,"comment_status":"open","ping_status":"open","sticky":false,"template":"","format":"standard","meta":{"slim_seo":{"title":"Str\u00e2ngea lemne de pe strad\u0103 ca s\u0103 se \u00eenc\u0103lzeasc\u0103! Acum, va avea c\u0103ldur\u0103 \u00een sob\u0103 p\u00e2n\u0103 la prim\u0103var\u0103 - GIURGIU NET","description":"O b\u0103tr\u00e2n\u0103, \u00een v\u00e2rst\u0103 de 81 de ani, din municipiul Giurgiu a primit ajutor de la autorit\u0103\u0163ile locale, dup\u0103 ce un poli\u0163ist local a surprins-o sco\u0163\u00e2nd un par din l"},"footnotes":""},"categories":[18,26],"tags":[1525],"class_list":{"0":"post-50765","1":"post","2":"type-post","3":"status-publish","4":"format-standard","5":"has-post-thumbnail","7":"category-actual","8":"category-soc","9":"tag-lemne-batrani"},"_links":{"self":[{"href":"https:\/\/giurgiu-net.ro\/index.php\/wp-json\/wp\/v2\/posts\/50765","targetHints":{"allow":["GET"]}}],"collection":[{"href":"https:\/\/giurgiu-net.ro\/index.php\/wp-json\/wp\/v2\/posts"}],"about":[{"href":"https:\/\/giurgiu-net.ro\/index.php\/wp-json\/wp\/v2\/types\/post"}],"author":[{"embeddable":true,"href":"https:\/\/giurgiu-net.ro\/index.php\/wp-json\/wp\/v2\/users\/1"}],"replies":[{"embeddable":true,"href":"https:\/\/giurgiu-net.ro\/index.php\/wp-json\/wp\/v2\/comments?post=50765"}],"version-history":[{"count":0,"href":"https:\/\/giurgiu-net.ro\/index.php\/wp-json\/wp\/v2\/posts\/50765\/revisions"}],"wp:featuredmedia":[{"embeddable":true,"href":"https:\/\/giurgiu-net.ro\/index.php\/wp-json\/"}],"wp:attachment":[{"href":"https:\/\/giurgiu-net.ro\/index.php\/wp-json\/wp\/v2\/media?parent=50765"}],"wp:term":[{"taxonomy":"category","embeddable":true,"href":"https:\/\/giurgiu-net.ro\/index.php\/wp-json\/wp\/v2\/categories?post=50765"},{"taxonomy":"post_tag","embeddable":true,"href":"https:\/\/giurgiu-net.ro\/index.php\/wp-json\/wp\/v2\/tags?post=50765"}],"curies":[{"name":"wp","href":"https:\/\/api.w.org\/{rel}","templated":true}]}}