{"id":50121,"date":"2017-01-14T15:15:41","date_gmt":"2017-01-14T13:15:41","guid":{"rendered":"http:\/\/giurgiu-net.ro\/?p=50121"},"modified":"2017-01-14T15:15:41","modified_gmt":"2017-01-14T13:15:41","slug":"foto-prefectul-de-giurgiu-nina-crisu-investita-in-functie-chiar-de-catre-ministrul-de-interne-carmen-dan","status":"publish","type":"post","link":"https:\/\/giurgiu-net.ro\/index.php\/2017\/01\/14\/foto-prefectul-de-giurgiu-nina-crisu-investita-in-functie-chiar-de-catre-ministrul-de-interne-carmen-dan\/","title":{"rendered":"FOTO: Prefectul de Giurgiu, Nina Cri\u015fu, \u00eenvestit \u00een func\u0163ie chiar de c\u0103tre ministrul de Interne, Carmen Dan"},"content":{"rendered":"<p><!--more--><\/p>\n<p>\u00cenvestirea Ninei-Carmen Cri\u015fu \u00een func\u0163ia de prefect al jude\u0163ului Giurgiu a avut loc ast\u0103zi, 14 ianuarie. \u00een sala de \u015fedin\u0163e a Prefecturii Giurgiu s-au reunit \u015fefi ai serviciilor deconcentrate, pre\u015fedintele Consiliului Jude\u0163ean Giurgiu, Marian Mina, primari giurgiuveni, reprezentan\u0163i ai structurilor MAI \u015fi MapN, dar \u015fi parlamentarii de Giurgiu- senatorul Niculae B\u0103d\u0103l\u0103u, vicepre\u015fedinte al Senatului, senatorul Cristian Marciu, deputa\u0163ii Elena Dinu \u015fi Alexandru Andrei, c\u00e2t \u015fi ministrul energiei, giurgiuveanul Toma Petcu.<\/p>\n<p><img loading=\"lazy\" decoding=\"async\" class=\"aligncenter size-full wp-image-50122\" src=\"https:\/\/giurgiu-net.ro\/wp-content\/uploads\/2017\/01\/DSC_0224.jpg\" alt=\"\" width=\"800\" height=\"530\" \/> <img loading=\"lazy\" decoding=\"async\" class=\"aligncenter size-full wp-image-50123\" src=\"https:\/\/giurgiu-net.ro\/wp-content\/uploads\/2017\/01\/DSC_0204.jpg\" alt=\"\" width=\"800\" height=\"530\" \/> <img loading=\"lazy\" decoding=\"async\" class=\"aligncenter size-full wp-image-50124\" src=\"https:\/\/giurgiu-net.ro\/wp-content\/uploads\/2017\/01\/DSC_0203.jpg\" alt=\"\" width=\"800\" height=\"530\" \/> <img loading=\"lazy\" decoding=\"async\" class=\"aligncenter size-full wp-image-50125\" src=\"https:\/\/giurgiu-net.ro\/wp-content\/uploads\/2017\/01\/DSC_0187.jpg\" alt=\"\" width=\"561\" height=\"800\" \/> <img loading=\"lazy\" decoding=\"async\" class=\"aligncenter size-full wp-image-50126\" src=\"https:\/\/giurgiu-net.ro\/wp-content\/uploads\/2017\/01\/DSC_0177.jpg\" alt=\"\" width=\"800\" height=\"530\" \/> <img loading=\"lazy\" decoding=\"async\" class=\"aligncenter size-full wp-image-50127\" src=\"https:\/\/giurgiu-net.ro\/wp-content\/uploads\/2017\/01\/DSC_0176.jpg\" alt=\"\" width=\"800\" height=\"530\" \/> <img loading=\"lazy\" decoding=\"async\" class=\"aligncenter size-full wp-image-50128\" src=\"https:\/\/giurgiu-net.ro\/wp-content\/uploads\/2017\/01\/DSC_0174.jpg\" alt=\"\" width=\"800\" height=\"530\" \/> <img loading=\"lazy\" decoding=\"async\" class=\"aligncenter size-full wp-image-50129\" src=\"https:\/\/giurgiu-net.ro\/wp-content\/uploads\/2017\/01\/DSC_0173.jpg\" alt=\"\" width=\"800\" height=\"449\" \/> <img loading=\"lazy\" decoding=\"async\" class=\"aligncenter size-full wp-image-50130\" src=\"https:\/\/giurgiu-net.ro\/wp-content\/uploads\/2017\/01\/DSC_0168.jpg\" alt=\"\" width=\"800\" height=\"518\" \/> <img loading=\"lazy\" decoding=\"async\" class=\"aligncenter size-full wp-image-50131\" src=\"https:\/\/giurgiu-net.ro\/wp-content\/uploads\/2017\/01\/DSC_0166.jpg\" alt=\"\" width=\"800\" height=\"530\" \/> <img loading=\"lazy\" decoding=\"async\" class=\"aligncenter size-full wp-image-50132\" src=\"https:\/\/giurgiu-net.ro\/wp-content\/uploads\/2017\/01\/DSC_0163.jpg\" alt=\"\" width=\"800\" height=\"530\" \/> <img loading=\"lazy\" decoding=\"async\" class=\"aligncenter size-full wp-image-50133\" src=\"https:\/\/giurgiu-net.ro\/wp-content\/uploads\/2017\/01\/DSC_0152.jpg\" alt=\"\" width=\"800\" height=\"356\" \/> <img loading=\"lazy\" decoding=\"async\" class=\"aligncenter size-full wp-image-50134\" src=\"https:\/\/giurgiu-net.ro\/wp-content\/uploads\/2017\/01\/DSC_0150.jpg\" alt=\"\" width=\"800\" height=\"483\" \/><\/p>\n<p>Dup\u0103 ce ministrul Carmen Dan a dat citire Ordinului premierului Grindeanu de \u00eencetare a mandatului lui Zorinel Niculcea \u015fi revenirea \u00een func\u0163ia de prefect a Ninei Cri\u015fu, a urmat depunerea jur\u0103m\u00e2ntului de c\u0103tre cea care a mai fost prefect de Giurgiu, \u00een Guvernul Ponta.<\/p>\n<p><em>&#8222;Doresc s\u0103 v\u0103 mul\u0163umesc tuturor pentru c\u0103 sunte\u0163i aici \u015fi sunt foarte bucuroas\u0103 pentru c\u0103 m\u0103 aflu iar\u0103\u015fi al\u0103turi de dumneavoastr\u0103. Pot spune c\u0103 m\u0103 simt ca \u00eentr-o familie \u015fi \u00eemi doresc s\u0103 lucr\u0103m tot ca o echip\u0103. Primarilor giurgiuveni le mul\u0163umesc \u00een egal\u0103 m\u0103sur\u0103, \u00eemi sunt buni prieteni, dar le mul\u0163umesc pentru colaborarea care va fi la fel de bun\u0103, sunt sigur\u0103, celor din structurile Ministerului de Interne \u015fi MapN!\u201d<\/em>, a transmis Nina Cri\u015fu, dup\u0103 depunerea jur\u0103m\u00e2ntului.<\/p>\n<p>La r\u00e2ndul s\u0103u, ministrul de Interne, Carmen Dan, i-a spus prefectului c\u0103 a\u015fteapt\u0103 de la Cri\u015fu o bun\u0103 colaborare cu toate institu\u0163iile.<\/p>\n<p><em>\u201eS\u0103 veghea\u0163i la respectarea legii \u015fi s\u0103 dezvolta\u0163i o bun\u0103 colaborare cu reprezentan\u0163ii Consiliului Jude\u0163ean, dar \u015fi cu ai dumneavoastr\u0103 colegi de la structurile subordonate \u015fi nu numai! S\u0103 nu uita\u0163i, doamna Cri\u015fu, c\u0103 reprezenta\u0163i un reper pentru cet\u0103\u0163eni, a\u015fadar, v\u0103 rog s\u0103 men\u0163ine\u0163i o institu\u0163ie a irefectului transparent\u0103 \u015fi dechis\u0103!\u201d<\/em>, a subliniat Carmen Dan.<\/p>\n<p>Cei prezen\u0163i au ciocnit \u015fi c\u00e2te o cup\u0103 cu \u015fampanie, la finalul evenimentului de ast\u0103zi.<\/p>\n<p>Mai multe fotografii g\u0103si\u0163i <a href=\"https:\/\/www.facebook.com\/pg\/Giurgiu-Net-673306689383875\/photos\/?tab=album&amp;album_id=1210844045630134\">AICI:https:\/\/www.facebook.com\/pg\/Giurgiu-Net-673306689383875\/photos\/?tab=album&amp;album_id=1210844045630134<\/a><\/p>\n<p>&nbsp;<\/p>\n","protected":false},"excerpt":{"rendered":"","protected":false},"author":1,"featured_media":50135,"comment_status":"open","ping_status":"open","sticky":false,"template":"","format":"standard","meta":{"slim_seo":{"title":"FOTO: Prefectul de Giurgiu, Nina Cri\u015fu, \u00eenvestit \u00een func\u0163ie chiar de c\u0103tre ministrul de Interne, Carmen Dan - GIURGIU NET","description":"\u00cenvestirea Ninei-Carmen Cri\u015fu \u00een func\u0163ia de prefect al jude\u0163ului Giurgiu a avut loc ast\u0103zi, 14 ianuarie. \u00een sala de \u015fedin\u0163e a Prefecturii Giurgiu s-au reunit \u015fe"},"footnotes":""},"categories":[18,19,28],"tags":[],"class_list":{"0":"post-50121","1":"post","2":"type-post","3":"status-publish","4":"format-standard","5":"has-post-thumbnail","7":"category-actual","8":"category-adm","9":"category-uo"},"_links":{"self":[{"href":"https:\/\/giurgiu-net.ro\/index.php\/wp-json\/wp\/v2\/posts\/50121","targetHints":{"allow":["GET"]}}],"collection":[{"href":"https:\/\/giurgiu-net.ro\/index.php\/wp-json\/wp\/v2\/posts"}],"about":[{"href":"https:\/\/giurgiu-net.ro\/index.php\/wp-json\/wp\/v2\/types\/post"}],"author":[{"embeddable":true,"href":"https:\/\/giurgiu-net.ro\/index.php\/wp-json\/wp\/v2\/users\/1"}],"replies":[{"embeddable":true,"href":"https:\/\/giurgiu-net.ro\/index.php\/wp-json\/wp\/v2\/comments?post=50121"}],"version-history":[{"count":0,"href":"https:\/\/giurgiu-net.ro\/index.php\/wp-json\/wp\/v2\/posts\/50121\/revisions"}],"wp:featuredmedia":[{"embeddable":true,"href":"https:\/\/giurgiu-net.ro\/index.php\/wp-json\/"}],"wp:attachment":[{"href":"https:\/\/giurgiu-net.ro\/index.php\/wp-json\/wp\/v2\/media?parent=50121"}],"wp:term":[{"taxonomy":"category","embeddable":true,"href":"https:\/\/giurgiu-net.ro\/index.php\/wp-json\/wp\/v2\/categories?post=50121"},{"taxonomy":"post_tag","embeddable":true,"href":"https:\/\/giurgiu-net.ro\/index.php\/wp-json\/wp\/v2\/tags?post=50121"}],"curies":[{"name":"wp","href":"https:\/\/api.w.org\/{rel}","templated":true}]}}