{"id":50025,"date":"2017-01-09T15:55:29","date_gmt":"2017-01-09T13:55:29","guid":{"rendered":"http:\/\/giurgiu-net.ro\/?p=50025"},"modified":"2017-01-09T15:55:29","modified_gmt":"2017-01-09T13:55:29","slug":"unde-dai-si-unde-crapa-sau-pentru-ce-s-au-contrat-pnl-istii-din-cj-cu-ai-lor-colegi-pe-tema-zonei-libere","status":"publish","type":"post","link":"https:\/\/giurgiu-net.ro\/index.php\/2017\/01\/09\/unde-dai-si-unde-crapa-sau-pentru-ce-s-au-contrat-pnl-istii-din-cj-cu-ai-lor-colegi-pe-tema-zonei-libere\/","title":{"rendered":"Unde dai \u015fi unde crap\u0103! Sau&#8230; pentru ce s-au contrat PNL-i\u015ftii din CJ cu ai lor colegi pe tema Zonei Libere?"},"content":{"rendered":"<p>Singurul punct fierbinte de pe ordinea de zi a \u015fedin\u0163ei ordinare a Consiliului Jude\u0163ean Giurgiu, luni, 9 ianuarie, l-a constituit cel cu privire la Zona Liber\u0103. Mai cu seam\u0103 la constatarea dreptului de proprietate public\u0103 a Jude\u0163ului Giurgiu asupra terenului \u00een suprafa\u0163\u0103 de peste 160 de hectare situat \u00een Zona Liber\u0103 Giurgiu.<!--more--><\/p>\n<p>Directorul juridic al CJ Giurgiu, Lavinia Cri\u015fu, a explicat c\u0103 proiectul se impune deoarece au fost descoperite diferen\u0163e de suprafa\u0163\u0103 \u00eentre Hot\u0103r\u00e2rea de Guvern care reglementeaz\u0103 dreptul de proprietate al CJ asupra terenului \u015fi m\u0103sur\u0103toarea exprimat\u0103 \u00een extrasul de Carte Funciar\u0103.<\/p>\n<p><img loading=\"lazy\" decoding=\"async\" class=\"aligncenter size-full wp-image-50026\" src=\"https:\/\/giurgiu-net.ro\/wp-content\/uploads\/2017\/01\/teren-zl.jpg\" alt=\"\" width=\"782\" height=\"600\" \/><\/p>\n<p>Tot prin proiectul de azi s-a dorit \u015fi reglementarea cotelor-parte \u00eencasate prin \u00eenchirierea sau concesionarea terenului, fiind stabilit procentul de 50%.<\/p>\n<p>Consilierul PNL Georgeta Mihu\u0163 a luat cuv\u00e2ntul \u015fi a ridicat mai multe probleme pe care, ulterior, secretarul jude\u0163ului, Florian Dinu, le-a catalogat drept \u201epe l\u00e2ng\u0103 obiectul proiectului de hot\u0103r\u00e2re\u201d.<img loading=\"lazy\" decoding=\"async\" class=\"aligncenter size-full wp-image-50027\" src=\"https:\/\/giurgiu-net.ro\/wp-content\/uploads\/2017\/01\/DSC_0116.jpg\" alt=\"\" width=\"800\" height=\"730\" \/><\/p>\n<p>Astfel, Mihu\u0163 a amintit c\u0103 mai exist\u0103 100 de hectare prev\u0103zute de Hot\u0103r\u00e2rea de Guvern amintit\u0103. <em>\u201eNu e oportun s\u0103 aprob\u0103m a\u015fa ceva \u00een condi\u0163iile litigiului dintre CJ \u015fi Prim\u0103ria Giurgiu. Suprafa\u0163a despre care vorbe\u015fte Hot\u0103r\u00e2rea de Guvern este de peste 260 de hectare. Eu, la cum sun\u0103 proiectul, constat dreptul de proprietate doar pe 160 de hectare, lucru ce poate fi speculat \u00een favoarea Prim\u0103riei\u201d<\/em>, a spus Mihu\u0163 care, de asemenea, a opinat \u015fi c\u0103 valoarea redeven\u0163ei ar trebui s\u0103 fie stabilit\u0103 \u00een func\u0163ie de \u201ecine administreaz\u0103\u201d. <em>\u201eEste \u00een interesul Consiliului Jude\u0163ean ca taxa s\u0103 varieze \u00een func\u0163ie de administrator \u015fi de obiectul contractului, pentru c\u0103, dac\u0103 \u00een anumite situa\u0163ii se justific\u0103, poate fi ob\u0163inut mai mult(dec\u00e2t 50%, n.r.)\u201d<\/em>, a zis consilierul liberal.<\/p>\n<p>Lavinia Cri\u015fu i-a explicat o dat\u0103 \u00een plus, pentru c\u0103 a f\u0103cut-o \u015fi la Comisia Juridic\u0103, faptul c\u0103 prin proiectul de azi se realizeaz\u0103 doar o <strong>reglare a datelor diferite<\/strong>, dar \u015fi c\u0103 celelalte 100 de hectare la care face referire Mihu\u0163 sunt tot \u00een proprietatea CJ, lucru stabilit prin aceea\u015fi Hot\u0103r\u00e2re de Guvern.<img loading=\"lazy\" decoding=\"async\" class=\"aligncenter size-full wp-image-50028\" src=\"https:\/\/giurgiu-net.ro\/wp-content\/uploads\/2017\/01\/DSC_0119.jpg\" alt=\"\" width=\"800\" height=\"530\" \/><\/p>\n<p><em>\u201eNici m\u0103car nu sunt \u00een Zona Liber\u0103, este un teren separat, chiar azi am depus cererea de intabulare, \u00een regim de urgen\u0163\u0103 \u015fi, la momentul la care va ie\u015fi intabularea, v\u0103 voi prezenta toate informa\u0163iile\u201d<\/em>, a men\u0163ionat Cri\u015fu. \u00cen ceea ce prive\u015fte \u201ecota-parte\u201d, directorul juridic a explicat c\u0103 valoarea de 50% este propunerea speciali\u015ftilor din CJ \u015fi c\u0103, de altfel, ar fi \u00een avantajul celor care au sau vor veni cu firme \u00een Zona Liber\u0103.<\/p>\n<p>A luat cuv\u00e2ntul, a\u015fadar, \u015fi secretarul jude\u0163ului, Florian Dinu, care a explicat cu subiect \u015fi predicat de ce problemele ridicate de Mihu\u0163 sunt pe l\u00e2ng\u0103 ceea ce \u00ee\u015fi propune proiectul de hot\u0103r\u00e2re de azi.<img loading=\"lazy\" decoding=\"async\" class=\"aligncenter size-full wp-image-50029\" src=\"https:\/\/giurgiu-net.ro\/wp-content\/uploads\/2017\/01\/DSC_0117.jpg\" alt=\"\" width=\"800\" height=\"530\" \/><\/p>\n<p><em>\u201eAm \u00eencercat s\u0103 fac lumin\u0103 \u015fi la Comisie. R\u0103spunsurile la \u00eentreb\u0103rile dumneavoastr\u0103 nu fac obiectul proiectului de azi! Acum discut\u0103m despre reglementarea unor cifre din documente, cifre diferite \u00een HG, respectiv la m\u0103sur\u0103toare. Pentru a clarifica acest lucru, CJ a stabilit s\u0103-\u015fi constate dreptul de proprietate pe suprafa\u0163a m\u0103surat\u0103. Apoi, dup\u0103 constatarea reglement\u0103rilor sistemului juridic al redeven\u0163elor, s-a stabilit c\u0103 valoarea poate fi \u00eentre 20 \u015fi 50%, noi am decis s\u0103 fim genero\u015fi \u015fi s\u0103 le l\u0103s\u0103m jum\u0103tate administratorilor(&#8230;). Nu este treaba Consiliului Jude\u0163ean s\u0103 analizeze activitatea unui operator economic, noi doar stabilim taxele \u015fi cotele-parte. \u00cen ceea ce prive\u015fte litigiul dintre Prim\u0103rie \u015fi Consiliul Jude\u0163ean, acesta se refer\u0103, aten\u0163ie!, la dreptul de ADMINISTRARE, nu la constatarea propriet\u0103\u0163ii care este stabilit\u0103 prin Hot\u0103r\u00e2re de Guvern a fi, oricum, a Consiliului Jude\u0163ean!\u201d<\/em>, a explicat Florian Dinu. Tot el a declarat c\u0103 este fals\u0103 ipoteza consilierului liberal, potrivit c\u0103reia prin proiectul de azi se face atingere la cele 100 de hectare. <em>\u201eNu exist\u0103 transmitere tacit\u0103, nu analiz\u0103m aici celelalte 100 de hectare!\u201d<\/em>, a subliniat Dinu.<\/p>\n<p>Fostul pre\u015fedinte al CJ Giurgiu, Vasile Must\u0103\u0163ea, a luat \u015fi el cuv\u00e2ntul \u015fi a dat dreptate actualei conduceri a institu\u0163iei \u00een ceea ce prive\u015fte \u00eentocmirea proiectului de hot\u0103r\u00e2re \u015fi supunerea acestuia la vot.<\/p>\n<p>&nbsp;<\/p>\n","protected":false},"excerpt":{"rendered":"<p>Singurul punct fierbinte de pe ordinea de zi a \u015fedin\u0163ei ordinare a Consiliului Jude\u0163ean Giurgiu, luni, 9 ianuarie, l-a constituit cel cu privire la Zona Liber\u0103. Mai cu seam\u0103 la constatarea dreptului de proprietate public\u0103 a Jude\u0163ului Giurgiu asupra terenului \u00een suprafa\u0163\u0103 de peste 160 de hectare situat \u00een Zona Liber\u0103 Giurgiu.<\/p>\n","protected":false},"author":1,"featured_media":47085,"comment_status":"open","ping_status":"open","sticky":false,"template":"","format":"standard","meta":{"slim_seo":{"title":"Unde dai \u015fi unde crap\u0103! Sau... pentru ce s-au contrat PNL-i\u015ftii din CJ cu ai lor colegi pe tema Zonei Libere? - GIURGIU NET","description":"Singurul punct fierbinte de pe ordinea de zi a \u015fedin\u0163ei ordinare a Consiliului Jude\u0163ean Giurgiu, luni, 9 ianuarie, l-a constituit cel cu privire la Zona Liber\u0103."},"footnotes":""},"categories":[18,19],"tags":[606,1124,1219,1502,2158,2863],"class_list":["post-50025","post","type-post","status-publish","format-standard","has-post-thumbnail","category-actual","category-adm","tag-cj-giurgiu","tag-florian-dinu","tag-georgeta-mihut","tag-lavinia-crisu","tag-primaria-giurgiu","tag-zona-libera"],"_links":{"self":[{"href":"https:\/\/giurgiu-net.ro\/index.php\/wp-json\/wp\/v2\/posts\/50025","targetHints":{"allow":["GET"]}}],"collection":[{"href":"https:\/\/giurgiu-net.ro\/index.php\/wp-json\/wp\/v2\/posts"}],"about":[{"href":"https:\/\/giurgiu-net.ro\/index.php\/wp-json\/wp\/v2\/types\/post"}],"author":[{"embeddable":true,"href":"https:\/\/giurgiu-net.ro\/index.php\/wp-json\/wp\/v2\/users\/1"}],"replies":[{"embeddable":true,"href":"https:\/\/giurgiu-net.ro\/index.php\/wp-json\/wp\/v2\/comments?post=50025"}],"version-history":[{"count":0,"href":"https:\/\/giurgiu-net.ro\/index.php\/wp-json\/wp\/v2\/posts\/50025\/revisions"}],"wp:featuredmedia":[{"embeddable":true,"href":"https:\/\/giurgiu-net.ro\/index.php\/wp-json\/wp\/v2\/media\/47085"}],"wp:attachment":[{"href":"https:\/\/giurgiu-net.ro\/index.php\/wp-json\/wp\/v2\/media?parent=50025"}],"wp:term":[{"taxonomy":"category","embeddable":true,"href":"https:\/\/giurgiu-net.ro\/index.php\/wp-json\/wp\/v2\/categories?post=50025"},{"taxonomy":"post_tag","embeddable":true,"href":"https:\/\/giurgiu-net.ro\/index.php\/wp-json\/wp\/v2\/tags?post=50025"}],"curies":[{"name":"wp","href":"https:\/\/api.w.org\/{rel}","templated":true}]}}