{"id":50017,"date":"2017-01-09T14:57:03","date_gmt":"2017-01-09T12:57:03","guid":{"rendered":"http:\/\/giurgiu-net.ro\/?p=50017"},"modified":"2017-01-09T14:57:03","modified_gmt":"2017-01-09T12:57:03","slug":"cine-a-urcat-in-locul-lui-cristian-marciu-de-pe-lista-de-consilieri-judeteni-ai-psd","status":"publish","type":"post","link":"https:\/\/giurgiu-net.ro\/index.php\/2017\/01\/09\/cine-a-urcat-in-locul-lui-cristian-marciu-de-pe-lista-de-consilieri-judeteni-ai-psd\/","title":{"rendered":"Cine a urcat \u00een locul lui Cristian Marciu de pe lista de consilieri jude\u0163eni ai PSD?"},"content":{"rendered":"<p><!--more--><\/p>\n<p>Principalele puncte de pe ordinea de zi a \u015fedin\u0163ei ordinare de luni, 9 ianuarie, au fost, f\u0103r\u0103 \u00eendoial\u0103, cele cu privire la \u00eenlocuirea senatorului Cristian Marciu \u00een Consiliul Jude\u0163ean Giurgiu, at\u00e2t ca \u015fi consilier, c\u00e2t \u015fi ca vicepre\u015fedinte.<\/p>\n<p>Mai \u00eent\u00e2i, a fost numit Cosmin Simion- urm\u0103torul de pe lista PSD pentru jude\u0163, \u00een func\u0163ia de consilier jude\u0163ean.<\/p>\n<p><img loading=\"lazy\" decoding=\"async\" class=\"aligncenter size-full wp-image-50018\" src=\"https:\/\/giurgiu-net.ro\/wp-content\/uploads\/2017\/01\/DSC_0105.jpg\" alt=\"\" width=\"800\" height=\"530\" \/><\/p>\n<p>&nbsp;<\/p>\n<p>&nbsp;<\/p>\n<p>&nbsp;<\/p>\n","protected":false},"excerpt":{"rendered":"","protected":false},"author":1,"featured_media":50020,"comment_status":"open","ping_status":"open","sticky":false,"template":"","format":"standard","meta":{"slim_seo":{"title":"Cine a urcat \u00een locul lui Cristian Marciu de pe lista de consilieri jude\u0163eni ai PSD? - GIURGIU NET","description":"Principalele puncte de pe ordinea de zi a \u015fedin\u0163ei ordinare de luni, 9 ianuarie, au fost, f\u0103r\u0103 \u00eendoial\u0103, cele cu privire la \u00eenlocuirea senatorului Cristian Marc"},"footnotes":""},"categories":[18,28],"tags":[606,762,778],"class_list":{"0":"post-50017","1":"post","2":"type-post","3":"status-publish","4":"format-standard","5":"has-post-thumbnail","7":"category-actual","8":"category-uo","9":"tag-cj-giurgiu","10":"tag-cosmin-simion","11":"tag-cristian-marciu"},"_links":{"self":[{"href":"https:\/\/giurgiu-net.ro\/index.php\/wp-json\/wp\/v2\/posts\/50017","targetHints":{"allow":["GET"]}}],"collection":[{"href":"https:\/\/giurgiu-net.ro\/index.php\/wp-json\/wp\/v2\/posts"}],"about":[{"href":"https:\/\/giurgiu-net.ro\/index.php\/wp-json\/wp\/v2\/types\/post"}],"author":[{"embeddable":true,"href":"https:\/\/giurgiu-net.ro\/index.php\/wp-json\/wp\/v2\/users\/1"}],"replies":[{"embeddable":true,"href":"https:\/\/giurgiu-net.ro\/index.php\/wp-json\/wp\/v2\/comments?post=50017"}],"version-history":[{"count":0,"href":"https:\/\/giurgiu-net.ro\/index.php\/wp-json\/wp\/v2\/posts\/50017\/revisions"}],"wp:featuredmedia":[{"embeddable":true,"href":"https:\/\/giurgiu-net.ro\/index.php\/wp-json\/"}],"wp:attachment":[{"href":"https:\/\/giurgiu-net.ro\/index.php\/wp-json\/wp\/v2\/media?parent=50017"}],"wp:term":[{"taxonomy":"category","embeddable":true,"href":"https:\/\/giurgiu-net.ro\/index.php\/wp-json\/wp\/v2\/categories?post=50017"},{"taxonomy":"post_tag","embeddable":true,"href":"https:\/\/giurgiu-net.ro\/index.php\/wp-json\/wp\/v2\/tags?post=50017"}],"curies":[{"name":"wp","href":"https:\/\/api.w.org\/{rel}","templated":true}]}}