{"id":50014,"date":"2017-01-09T14:43:47","date_gmt":"2017-01-09T12:43:47","guid":{"rendered":"http:\/\/giurgiu-net.ro\/?p=50014"},"modified":"2017-01-09T14:43:47","modified_gmt":"2017-01-09T12:43:47","slug":"ultima-ora-nici-maine-nu-se-vor-tine-cursuri-in-scolile-din-giurgiu","status":"publish","type":"post","link":"https:\/\/giurgiu-net.ro\/index.php\/2017\/01\/09\/ultima-ora-nici-maine-nu-se-vor-tine-cursuri-in-scolile-din-giurgiu\/","title":{"rendered":"ULTIMA OR\u0102: Nici m\u00e2ine nu se vor \u0163ine cursuri \u00een \u015fcolile din Giurgiu"},"content":{"rendered":"<p><!--more-->Decizia a fost luat\u0103, luni, 9 ianuarie, la Comandamentul de Iarn\u0103 convocat la Prefectura Giurgiu.<\/p>\n<p>Inspectorul \u015ecolar General, Gigi Opri\u015fan, a anun\u0163at pe pagina sa de Facebook: &#8222;Din cauza codului portocaliu de ger, cursurile \u00een unit\u0103\u021bile de \u00eenv\u0103\u021b\u0103m\u00e2nt din municipiul si judetul Giurgiu vor fi suspendate \u0219i m\u00e2ine, 10 ianuarie&#8221;.<\/p>\n<p>Este a doua zi c\u00e2nd sunt suspendate cursurile. \u00cen unele jude\u0163e, a fost luat\u0103 m\u0103sura pentru \u00eentreaga s\u0103pt\u0103m\u00e2n\u0103, tot din cauza temperaturilor extrem de sc\u0103zute prognozate pentru urm\u0103toarea perioad\u0103.<\/p>\n","protected":false},"excerpt":{"rendered":"","protected":false},"author":1,"featured_media":50016,"comment_status":"open","ping_status":"open","sticky":false,"template":"","format":"standard","meta":{"slim_seo":{"title":"ULTIMA OR\u0102: Nici m\u00e2ine nu se vor \u0163ine cursuri \u00een \u015fcolile din Giurgiu - GIURGIU NET","description":"Decizia a fost luat\u0103, luni, 9 ianuarie, la Comandamentul de Iarn\u0103 convocat la Prefectura Giurgiu. Inspectorul \u015ecolar General, Gigi Opri\u015fan, a anun\u0163at pe pagina"},"footnotes":""},"categories":[18,29,28],"tags":[2429],"class_list":{"0":"post-50014","1":"post","2":"type-post","3":"status-publish","4":"format-standard","5":"has-post-thumbnail","7":"category-actual","8":"category-educatie-si-cultura","9":"category-uo","10":"tag-scoli-zapada"},"_links":{"self":[{"href":"https:\/\/giurgiu-net.ro\/index.php\/wp-json\/wp\/v2\/posts\/50014","targetHints":{"allow":["GET"]}}],"collection":[{"href":"https:\/\/giurgiu-net.ro\/index.php\/wp-json\/wp\/v2\/posts"}],"about":[{"href":"https:\/\/giurgiu-net.ro\/index.php\/wp-json\/wp\/v2\/types\/post"}],"author":[{"embeddable":true,"href":"https:\/\/giurgiu-net.ro\/index.php\/wp-json\/wp\/v2\/users\/1"}],"replies":[{"embeddable":true,"href":"https:\/\/giurgiu-net.ro\/index.php\/wp-json\/wp\/v2\/comments?post=50014"}],"version-history":[{"count":0,"href":"https:\/\/giurgiu-net.ro\/index.php\/wp-json\/wp\/v2\/posts\/50014\/revisions"}],"wp:featuredmedia":[{"embeddable":true,"href":"https:\/\/giurgiu-net.ro\/index.php\/wp-json\/"}],"wp:attachment":[{"href":"https:\/\/giurgiu-net.ro\/index.php\/wp-json\/wp\/v2\/media?parent=50014"}],"wp:term":[{"taxonomy":"category","embeddable":true,"href":"https:\/\/giurgiu-net.ro\/index.php\/wp-json\/wp\/v2\/categories?post=50014"},{"taxonomy":"post_tag","embeddable":true,"href":"https:\/\/giurgiu-net.ro\/index.php\/wp-json\/wp\/v2\/tags?post=50014"}],"curies":[{"name":"wp","href":"https:\/\/api.w.org\/{rel}","templated":true}]}}