{"id":49875,"date":"2016-12-30T10:57:36","date_gmt":"2016-12-30T08:57:36","guid":{"rendered":"http:\/\/giurgiu-net.ro\/?p=49875"},"modified":"2016-12-30T10:57:36","modified_gmt":"2016-12-30T08:57:36","slug":"video-marian-mina-sa-avem-un-2017-mult-mai-bun-decat-anul-care-a-trecut","status":"publish","type":"post","link":"https:\/\/giurgiu-net.ro\/index.php\/2016\/12\/30\/video-marian-mina-sa-avem-un-2017-mult-mai-bun-decat-anul-care-a-trecut\/","title":{"rendered":"VIDEO! Marian Mina: S\u0103 avem un 2017 mult mai bun dec\u00e2t anul care a trecut!"},"content":{"rendered":"<p><!--more-->Pre\u015fedintele Consiliului Jude\u0163ean Giurgiu, Marian MIna, a f\u0103cut aceast\u0103 urare \u00een cadrul celei mai recente conferin\u0163e de pres\u0103 a PSD Giurgiu:<\/p>\n<p><strong>\u201eLe urez tuturor giurgiuvenilor La Mul\u0163i Ani cu bucurii! Un 2017 mult mai bun dec\u00e2t anul care va trece, s\u0103 avem lini\u015fte, s\u0103n\u0103tate, bel\u015fug \u015fi \u00eei asigur, \u00eenc\u0103 o dat\u0103, c\u0103 \u00een aceast\u0103 formul\u0103, al\u0103turi de parlamentarii PSD, ne vom \u0163ine de promisiuni \u015fi vom munci pentru dezvoltarea jude\u0163ului pentru a face c\u00e2t mai multe \u00een Giurgiu!&#8221;<\/strong><\/p>\n<div class=\"youtube-embed\" data-video_id=\"WoHHrP57coQ\"><iframe loading=\"lazy\" width=\"696\" height=\"392\" src=\"https:\/\/www.youtube.com\/embed\/WoHHrP57coQ?feature=oembed&#038;enablejsapi=1\" frameborder=\"0\" allow=\"autoplay; encrypted-media\" allowfullscreen><\/iframe><\/div>\n","protected":false},"excerpt":{"rendered":"","protected":false},"author":1,"featured_media":49876,"comment_status":"open","ping_status":"open","sticky":false,"template":"","format":"standard","meta":{"slim_seo":{"title":"VIDEO! Marian Mina: S\u0103 avem un 2017 mult mai bun dec\u00e2t anul care a trecut! - GIURGIU NET","description":"Pre\u015fedintele Consiliului Jude\u0163ean Giurgiu, Marian MIna, a f\u0103cut aceast\u0103 urare \u00een cadrul celei mai recente conferin\u0163e de pres\u0103 a PSD Giurgiu: \u201eLe urez tuturor gi"},"footnotes":""},"categories":[18,26],"tags":[1626],"class_list":{"0":"post-49875","1":"post","2":"type-post","3":"status-publish","4":"format-standard","5":"has-post-thumbnail","7":"category-actual","8":"category-soc","9":"tag-marian-mina"},"_links":{"self":[{"href":"https:\/\/giurgiu-net.ro\/index.php\/wp-json\/wp\/v2\/posts\/49875","targetHints":{"allow":["GET"]}}],"collection":[{"href":"https:\/\/giurgiu-net.ro\/index.php\/wp-json\/wp\/v2\/posts"}],"about":[{"href":"https:\/\/giurgiu-net.ro\/index.php\/wp-json\/wp\/v2\/types\/post"}],"author":[{"embeddable":true,"href":"https:\/\/giurgiu-net.ro\/index.php\/wp-json\/wp\/v2\/users\/1"}],"replies":[{"embeddable":true,"href":"https:\/\/giurgiu-net.ro\/index.php\/wp-json\/wp\/v2\/comments?post=49875"}],"version-history":[{"count":0,"href":"https:\/\/giurgiu-net.ro\/index.php\/wp-json\/wp\/v2\/posts\/49875\/revisions"}],"wp:featuredmedia":[{"embeddable":true,"href":"https:\/\/giurgiu-net.ro\/index.php\/wp-json\/"}],"wp:attachment":[{"href":"https:\/\/giurgiu-net.ro\/index.php\/wp-json\/wp\/v2\/media?parent=49875"}],"wp:term":[{"taxonomy":"category","embeddable":true,"href":"https:\/\/giurgiu-net.ro\/index.php\/wp-json\/wp\/v2\/categories?post=49875"},{"taxonomy":"post_tag","embeddable":true,"href":"https:\/\/giurgiu-net.ro\/index.php\/wp-json\/wp\/v2\/tags?post=49875"}],"curies":[{"name":"wp","href":"https:\/\/api.w.org\/{rel}","templated":true}]}}