{"id":49872,"date":"2016-12-30T10:55:37","date_gmt":"2016-12-30T08:55:37","guid":{"rendered":"http:\/\/giurgiu-net.ro\/?p=49872"},"modified":"2016-12-30T10:55:37","modified_gmt":"2016-12-30T08:55:37","slug":"video-senatorul-cristian-marciu-la-multi-ani-cu-sanatate-cu-bucurie-alaturi-de-cei-dragi","status":"publish","type":"post","link":"https:\/\/giurgiu-net.ro\/index.php\/2016\/12\/30\/video-senatorul-cristian-marciu-la-multi-ani-cu-sanatate-cu-bucurie-alaturi-de-cei-dragi\/","title":{"rendered":"VIDEO! Senatorul Cristian Marciu: La Mul\u0163i Ani cu s\u0103n\u0103tate, cu bucurie, al\u0103turi de cei dragi!"},"content":{"rendered":"<p><!--more--><\/p>\n<p><strong>\u201eLocuitorilor jude\u0163ului Giurgiu le urez La Mul\u0163i Ani cu s\u0103n\u0103tate, cu bucurie, al\u0103turi de cei dragi! Succes \u00een activitate \u015fi primarilor c\u0103rora le doresc s\u0103 duc\u0103 la bun sf\u00e2r\u015fit proiectele \u00eencepute, dar \u015fi s\u0103 c\u00e2\u015ftige unele noi! \u00cel felicit \u015fi-i urez succes \u00een activitate \u015fi domnului Niculae B\u0103d\u0103l\u0103u, ales \u00een func\u0163ia de pre\u015fedinte executiv al PSD central! Le mul\u0163umim \u015fi celor care ne-au sprijinit \u00een 2016 la alegerile locale \u015fi la cele parlamentare \u015fi asigur c\u0103 eu \u015fi colegii mei nu-i vom dezam\u0103gi \u015fi c\u0103 nu vom uita de unde am plecat!\u201d<\/strong><\/p>\n<div class=\"youtube-embed\" data-video_id=\"a7buGQco_7E\"><iframe loading=\"lazy\" width=\"696\" height=\"392\" src=\"https:\/\/www.youtube.com\/embed\/a7buGQco_7E?feature=oembed&#038;enablejsapi=1\" frameborder=\"0\" allow=\"autoplay; encrypted-media\" allowfullscreen><\/iframe><\/div>\n","protected":false},"excerpt":{"rendered":"","protected":false},"author":1,"featured_media":49873,"comment_status":"open","ping_status":"open","sticky":false,"template":"","format":"standard","meta":{"slim_seo":{"title":"VIDEO! Senatorul Cristian Marciu: La Mul\u0163i Ani cu s\u0103n\u0103tate, cu bucurie, al\u0103turi de cei dragi! - GIURGIU NET","description":"\u201eLocuitorilor jude\u0163ului Giurgiu le urez La Mul\u0163i Ani cu s\u0103n\u0103tate, cu bucurie, al\u0103turi de cei dragi! Succes \u00een activitate \u015fi primarilor c\u0103rora le doresc s\u0103 duc\u0103"},"footnotes":""},"categories":[18,26],"tags":[778],"class_list":{"0":"post-49872","1":"post","2":"type-post","3":"status-publish","4":"format-standard","5":"has-post-thumbnail","7":"category-actual","8":"category-soc","9":"tag-cristian-marciu"},"_links":{"self":[{"href":"https:\/\/giurgiu-net.ro\/index.php\/wp-json\/wp\/v2\/posts\/49872","targetHints":{"allow":["GET"]}}],"collection":[{"href":"https:\/\/giurgiu-net.ro\/index.php\/wp-json\/wp\/v2\/posts"}],"about":[{"href":"https:\/\/giurgiu-net.ro\/index.php\/wp-json\/wp\/v2\/types\/post"}],"author":[{"embeddable":true,"href":"https:\/\/giurgiu-net.ro\/index.php\/wp-json\/wp\/v2\/users\/1"}],"replies":[{"embeddable":true,"href":"https:\/\/giurgiu-net.ro\/index.php\/wp-json\/wp\/v2\/comments?post=49872"}],"version-history":[{"count":0,"href":"https:\/\/giurgiu-net.ro\/index.php\/wp-json\/wp\/v2\/posts\/49872\/revisions"}],"wp:featuredmedia":[{"embeddable":true,"href":"https:\/\/giurgiu-net.ro\/index.php\/wp-json\/"}],"wp:attachment":[{"href":"https:\/\/giurgiu-net.ro\/index.php\/wp-json\/wp\/v2\/media?parent=49872"}],"wp:term":[{"taxonomy":"category","embeddable":true,"href":"https:\/\/giurgiu-net.ro\/index.php\/wp-json\/wp\/v2\/categories?post=49872"},{"taxonomy":"post_tag","embeddable":true,"href":"https:\/\/giurgiu-net.ro\/index.php\/wp-json\/wp\/v2\/tags?post=49872"}],"curies":[{"name":"wp","href":"https:\/\/api.w.org\/{rel}","templated":true}]}}