{"id":49816,"date":"2016-12-24T10:36:21","date_gmt":"2016-12-24T08:36:21","guid":{"rendered":"http:\/\/giurgiu-net.ro\/?p=49816"},"modified":"2016-12-24T10:36:21","modified_gmt":"2016-12-24T08:36:21","slug":"49816","status":"publish","type":"post","link":"https:\/\/giurgiu-net.ro\/index.php\/2016\/12\/24\/49816\/","title":{"rendered":"Daruri pentru copiii institu\u0163ionaliza\u0163i"},"content":{"rendered":"<p><strong><em>\u00a0\u00a0\u00a0\u00a0\u00a0\u00a0\u00a0\u00a0\u00a0\u00a0 <\/em><\/strong>Cu ocazia s\u0103rb\u0103torilor de iarn\u0103, parohul bisericii din localitatea Fala\u015ftoaca, comuna\u00a0 Comana, p\u0103rintele Grigorescu Sebastian George, le-a adus cadouri copiilor de la Casa <em>Casa Mea<\/em> \u015fi <em>Verde<\/em>, structuri reziden\u0163iale din cadrul Direc\u0163iei de Asisten\u0163\u0103 Social\u0103 \u015fi Protec\u0163ia Copilului Giurgiu, anun\u0163\u0103 reprezentan\u0163ii institu\u0163iei.<!--more--><\/p>\n<p>\u00centr-un comunicat de pres\u0103 se arat\u0103 c\u0103, astfel, copiilor de la casa de tip familial <em>Casa Mea,<\/em> Mo\u015f Cr\u0103ciun \u00a0le-a adus \u00een dar \u00eembr\u0103c\u0103minte, \u00eenc\u0103l\u0163\u0103minte \u015fi dulciuri iar copiii de la <em>Casa Verde<\/em> au primit un brad \u00eempodobit.<\/p>\n<p>&#8222;Copiii au fost bucuro\u015fi \u015fi \u015fi-au \u00eenc\u00e2ntat\u00a0 oaspe\u0163ii c\u00e2nt\u00e2nd colinde \u0219i recit\u00e2nd poezii, iar la final i-au d\u0103ruit p\u0103rintele\u00a0 Grigorescu Sebastian George, \u00een semn de mul\u0163umire, felicit\u0103ri confec\u021bionate de ei&#8221;, spun reprezentan\u0163ii DGASPC Giurgiu.<\/p>\n<p>&nbsp;<\/p>\n","protected":false},"excerpt":{"rendered":"<p>\u00a0\u00a0\u00a0\u00a0\u00a0\u00a0\u00a0\u00a0\u00a0\u00a0 Cu ocazia s\u0103rb\u0103torilor de iarn\u0103, parohul bisericii din localitatea Fala\u015ftoaca, comuna\u00a0 Comana, p\u0103rintele Grigorescu Sebastian George, le-a adus cadouri copiilor de la Casa Casa Mea \u015fi Verde, structuri reziden\u0163iale din cadrul Direc\u0163iei de Asisten\u0163\u0103 Social\u0103 \u015fi Protec\u0163ia Copilului Giurgiu, anun\u0163\u0103 reprezentan\u0163ii institu\u0163iei.<\/p>\n","protected":false},"author":1,"featured_media":49810,"comment_status":"open","ping_status":"open","sticky":false,"template":"","format":"standard","meta":{"slim_seo":{"title":"Daruri pentru copiii institu\u0163ionaliza\u0163i - GIURGIU NET","description":"\u00a0\u00a0\u00a0\u00a0\u00a0\u00a0\u00a0\u00a0\u00a0\u00a0 Cu ocazia s\u0103rb\u0103torilor de iarn\u0103, parohul bisericii din localitatea Fala\u015ftoaca, comuna\u00a0 Comana, p\u0103rintele Grigorescu Sebastian George, le-a adus cadou"},"footnotes":""},"categories":[18,26],"tags":[425],"class_list":{"0":"post-49816","1":"post","2":"type-post","3":"status-publish","4":"format-standard","5":"has-post-thumbnail","7":"category-actual","8":"category-soc","9":"tag-cadouri-dgaspc-giurgiu"},"_links":{"self":[{"href":"https:\/\/giurgiu-net.ro\/index.php\/wp-json\/wp\/v2\/posts\/49816","targetHints":{"allow":["GET"]}}],"collection":[{"href":"https:\/\/giurgiu-net.ro\/index.php\/wp-json\/wp\/v2\/posts"}],"about":[{"href":"https:\/\/giurgiu-net.ro\/index.php\/wp-json\/wp\/v2\/types\/post"}],"author":[{"embeddable":true,"href":"https:\/\/giurgiu-net.ro\/index.php\/wp-json\/wp\/v2\/users\/1"}],"replies":[{"embeddable":true,"href":"https:\/\/giurgiu-net.ro\/index.php\/wp-json\/wp\/v2\/comments?post=49816"}],"version-history":[{"count":0,"href":"https:\/\/giurgiu-net.ro\/index.php\/wp-json\/wp\/v2\/posts\/49816\/revisions"}],"wp:featuredmedia":[{"embeddable":true,"href":"https:\/\/giurgiu-net.ro\/index.php\/wp-json\/"}],"wp:attachment":[{"href":"https:\/\/giurgiu-net.ro\/index.php\/wp-json\/wp\/v2\/media?parent=49816"}],"wp:term":[{"taxonomy":"category","embeddable":true,"href":"https:\/\/giurgiu-net.ro\/index.php\/wp-json\/wp\/v2\/categories?post=49816"},{"taxonomy":"post_tag","embeddable":true,"href":"https:\/\/giurgiu-net.ro\/index.php\/wp-json\/wp\/v2\/tags?post=49816"}],"curies":[{"name":"wp","href":"https:\/\/api.w.org\/{rel}","templated":true}]}}