{"id":49768,"date":"2016-12-22T11:08:50","date_gmt":"2016-12-22T09:08:50","guid":{"rendered":"http:\/\/giurgiu-net.ro\/?p=49768"},"modified":"2016-12-22T11:08:50","modified_gmt":"2016-12-22T09:08:50","slug":"ziua-victoriei-revolutiei-romane-marcata-si-la-giurgiu","status":"publish","type":"post","link":"https:\/\/giurgiu-net.ro\/index.php\/2016\/12\/22\/ziua-victoriei-revolutiei-romane-marcata-si-la-giurgiu\/","title":{"rendered":"Ziua Victoriei Revolu\u0163iei Rom\u00e2ne, marcat\u0103 \u015fi la Giurgiu"},"content":{"rendered":"<p>Ca \u00een fiecare an, la Monumentele Eroilor de la Teatrul \u201eTudor Vianu\u201d, respectiv Biserica Eroilor de pe \u015eoseaua Bucure\u015fti, pe 22 decembrie, sunt desf\u0103\u015furate activit\u0103\u0163i cu ocazia Ziua Victoriei Revolu\u0163iei Rom\u00e2ne \u015fi a Libert\u0103\u0163ii.<!--more--><\/p>\n<p>Astfel, reprezentan\u0163ii institu\u0163iilor publice(Prefectur\u0103, Consiliu Jude\u0163ean, Prim\u0103rie), cei ai partidelor politice, dar \u015fi cadre militare s-au reunit pentru a a aduce un omagiu eroilor martiri c\u0103zu\u0163i pentru victoria Revolu\u0163iei din decembrie 1989.<\/p>\n<p>La Troi\u0163a de l\u00e2ng\u0103 Teatrul \u201eTudor Vianu\u201d a fost intonat Imnul Na\u021bional de c\u0103tre Fanfara Centrului Cultural \u201eIon Vinea\u201d \u015fi au fost depuse de coroane de flori.<img loading=\"lazy\" decoding=\"async\" class=\"aligncenter size-full wp-image-49769\" src=\"https:\/\/giurgiu-net.ro\/wp-content\/uploads\/2016\/12\/DSC_0097.jpg\" alt=\"\" width=\"800\" height=\"530\" \/> <img loading=\"lazy\" decoding=\"async\" class=\"aligncenter size-full wp-image-49770\" src=\"https:\/\/giurgiu-net.ro\/wp-content\/uploads\/2016\/12\/DSC_0093.jpg\" alt=\"\" width=\"800\" height=\"530\" \/> <img loading=\"lazy\" decoding=\"async\" class=\"aligncenter size-full wp-image-49771\" src=\"https:\/\/giurgiu-net.ro\/wp-content\/uploads\/2016\/12\/DSC_0070.jpg\" alt=\"\" width=\"800\" height=\"530\" \/> <img loading=\"lazy\" decoding=\"async\" class=\"aligncenter size-full wp-image-49772\" src=\"https:\/\/giurgiu-net.ro\/wp-content\/uploads\/2016\/12\/DSC_0066.jpg\" alt=\"\" width=\"800\" height=\"401\" \/> <img loading=\"lazy\" decoding=\"async\" class=\"aligncenter size-full wp-image-49773\" src=\"https:\/\/giurgiu-net.ro\/wp-content\/uploads\/2016\/12\/DSC_0057.jpg\" alt=\"\" width=\"800\" height=\"530\" \/> <img loading=\"lazy\" decoding=\"async\" class=\"aligncenter size-full wp-image-49774\" src=\"https:\/\/giurgiu-net.ro\/wp-content\/uploads\/2016\/12\/DSC_0047.jpg\" alt=\"\" width=\"800\" height=\"530\" \/> <img loading=\"lazy\" decoding=\"async\" class=\"aligncenter size-full wp-image-49775\" src=\"https:\/\/giurgiu-net.ro\/wp-content\/uploads\/2016\/12\/DSC_0021.jpg\" alt=\"\" width=\"800\" height=\"567\" \/> <img loading=\"lazy\" decoding=\"async\" class=\"aligncenter size-full wp-image-49776\" src=\"https:\/\/giurgiu-net.ro\/wp-content\/uploads\/2016\/12\/DSC_0015.jpg\" alt=\"\" width=\"800\" height=\"530\" \/> <img loading=\"lazy\" decoding=\"async\" class=\"aligncenter size-full wp-image-49777\" src=\"https:\/\/giurgiu-net.ro\/wp-content\/uploads\/2016\/12\/DSC_0013.jpg\" alt=\"\" width=\"800\" height=\"530\" \/> <img loading=\"lazy\" decoding=\"async\" class=\"aligncenter size-full wp-image-49778\" src=\"https:\/\/giurgiu-net.ro\/wp-content\/uploads\/2016\/12\/DSC_0012.jpg\" alt=\"\" width=\"800\" height=\"530\" \/><\/p>\n<p>Participan\u0163ii s-au deplasat pe bulevardul Bucure\u0219ti la Monumentul Eroilor Revolu\u021biei din \u0219oseaua Bucure\u0219ti, de l\u00e2ng\u0103 Biserica Eroilor. Dup\u0103 un ceremonial religios \u0219i de sfin\u021bire a Monumentului Eroii Revolu\u021biei din bd. Bucure\u0219ti, au fost, de asemenea, depuneri de coroane \u015fi a urmat defilarea G\u0103rzii de Onoare.<img loading=\"lazy\" decoding=\"async\" class=\"aligncenter size-full wp-image-49779\" src=\"https:\/\/giurgiu-net.ro\/wp-content\/uploads\/2016\/12\/DSC_0222.jpg\" alt=\"\" width=\"800\" height=\"530\" \/> <img loading=\"lazy\" decoding=\"async\" class=\"aligncenter size-full wp-image-49780\" src=\"https:\/\/giurgiu-net.ro\/wp-content\/uploads\/2016\/12\/DSC_0215.jpg\" alt=\"\" width=\"800\" height=\"530\" \/> <img loading=\"lazy\" decoding=\"async\" class=\"aligncenter size-full wp-image-49781\" src=\"https:\/\/giurgiu-net.ro\/wp-content\/uploads\/2016\/12\/DSC_0208.jpg\" alt=\"\" width=\"800\" height=\"530\" \/> <img loading=\"lazy\" decoding=\"async\" class=\"aligncenter size-full wp-image-49782\" src=\"https:\/\/giurgiu-net.ro\/wp-content\/uploads\/2016\/12\/DSC_0179.jpg\" alt=\"\" width=\"800\" height=\"530\" \/> <img loading=\"lazy\" decoding=\"async\" class=\"aligncenter size-full wp-image-49783\" src=\"https:\/\/giurgiu-net.ro\/wp-content\/uploads\/2016\/12\/DSC_0174.jpg\" alt=\"\" width=\"800\" height=\"530\" \/> <img loading=\"lazy\" decoding=\"async\" class=\"aligncenter size-full wp-image-49784\" src=\"https:\/\/giurgiu-net.ro\/wp-content\/uploads\/2016\/12\/DSC_0137.jpg\" alt=\"\" width=\"800\" height=\"495\" \/> <img loading=\"lazy\" decoding=\"async\" class=\"aligncenter size-full wp-image-49785\" src=\"https:\/\/giurgiu-net.ro\/wp-content\/uploads\/2016\/12\/DSC_0121.jpg\" alt=\"\" width=\"800\" height=\"530\" \/> <img loading=\"lazy\" decoding=\"async\" class=\"aligncenter size-full wp-image-49786\" src=\"https:\/\/giurgiu-net.ro\/wp-content\/uploads\/2016\/12\/DSC_0119.jpg\" alt=\"\" width=\"800\" height=\"530\" \/> <img loading=\"lazy\" decoding=\"async\" class=\"aligncenter size-full wp-image-49787\" src=\"https:\/\/giurgiu-net.ro\/wp-content\/uploads\/2016\/12\/DSC_0116.jpg\" alt=\"\" width=\"800\" height=\"530\" \/> <img loading=\"lazy\" decoding=\"async\" class=\"aligncenter size-full wp-image-49788\" src=\"https:\/\/giurgiu-net.ro\/wp-content\/uploads\/2016\/12\/DSC_0109-1.jpg\" alt=\"\" width=\"800\" height=\"652\" \/> <img loading=\"lazy\" decoding=\"async\" class=\"aligncenter size-full wp-image-49789\" src=\"https:\/\/giurgiu-net.ro\/wp-content\/uploads\/2016\/12\/DSC_0108-1.jpg\" alt=\"\" width=\"800\" height=\"571\" \/> <img loading=\"lazy\" decoding=\"async\" class=\"aligncenter size-full wp-image-49790\" src=\"https:\/\/giurgiu-net.ro\/wp-content\/uploads\/2016\/12\/DSC_0103.jpg\" alt=\"\" width=\"800\" height=\"453\" \/><\/p>\n<p>Activit\u0103\u0163ile au fost organizate de Prim\u0103ria Giurgiu.<\/p>\n","protected":false},"excerpt":{"rendered":"<p>Ca \u00een fiecare an, la Monumentele Eroilor de la Teatrul \u201eTudor Vianu\u201d, respectiv Biserica Eroilor de pe \u015eoseaua Bucure\u015fti, pe 22 decembrie, sunt desf\u0103\u015furate activit\u0103\u0163i cu ocazia Ziua Victoriei Revolu\u0163iei Rom\u00e2ne \u015fi a Libert\u0103\u0163ii.<\/p>\n","protected":false},"author":1,"featured_media":49787,"comment_status":"open","ping_status":"open","sticky":false,"template":"","format":"standard","meta":{"slim_seo":{"title":"Ziua Victoriei Revolu\u0163iei Rom\u00e2ne, marcat\u0103 \u015fi la Giurgiu - GIURGIU NET","description":"Ca \u00een fiecare an, la Monumentele Eroilor de la Teatrul \u201eTudor Vianu\u201d, respectiv Biserica Eroilor de pe \u015eoseaua Bucure\u015fti, pe 22 decembrie, sunt desf\u0103\u015furate acti"},"footnotes":""},"categories":[18,26],"tags":[47,606,2158],"class_list":{"0":"post-49768","1":"post","2":"type-post","3":"status-publish","4":"format-standard","5":"has-post-thumbnail","7":"category-actual","8":"category-soc","9":"tag-22-decembrie","10":"tag-cj-giurgiu","11":"tag-primaria-giurgiu"},"_links":{"self":[{"href":"https:\/\/giurgiu-net.ro\/index.php\/wp-json\/wp\/v2\/posts\/49768","targetHints":{"allow":["GET"]}}],"collection":[{"href":"https:\/\/giurgiu-net.ro\/index.php\/wp-json\/wp\/v2\/posts"}],"about":[{"href":"https:\/\/giurgiu-net.ro\/index.php\/wp-json\/wp\/v2\/types\/post"}],"author":[{"embeddable":true,"href":"https:\/\/giurgiu-net.ro\/index.php\/wp-json\/wp\/v2\/users\/1"}],"replies":[{"embeddable":true,"href":"https:\/\/giurgiu-net.ro\/index.php\/wp-json\/wp\/v2\/comments?post=49768"}],"version-history":[{"count":0,"href":"https:\/\/giurgiu-net.ro\/index.php\/wp-json\/wp\/v2\/posts\/49768\/revisions"}],"wp:featuredmedia":[{"embeddable":true,"href":"https:\/\/giurgiu-net.ro\/index.php\/wp-json\/"}],"wp:attachment":[{"href":"https:\/\/giurgiu-net.ro\/index.php\/wp-json\/wp\/v2\/media?parent=49768"}],"wp:term":[{"taxonomy":"category","embeddable":true,"href":"https:\/\/giurgiu-net.ro\/index.php\/wp-json\/wp\/v2\/categories?post=49768"},{"taxonomy":"post_tag","embeddable":true,"href":"https:\/\/giurgiu-net.ro\/index.php\/wp-json\/wp\/v2\/tags?post=49768"}],"curies":[{"name":"wp","href":"https:\/\/api.w.org\/{rel}","templated":true}]}}