{"id":49760,"date":"2016-12-22T09:16:06","date_gmt":"2016-12-22T07:16:06","guid":{"rendered":"http:\/\/giurgiu-net.ro\/?p=49760"},"modified":"2016-12-22T09:16:06","modified_gmt":"2016-12-22T07:16:06","slug":"parlamentarii-de-giurgiu-au-depus-juramantul-vezi-aici-ce-au-transmis-deputatii-giurgiuveni","status":"publish","type":"post","link":"https:\/\/giurgiu-net.ro\/index.php\/2016\/12\/22\/parlamentarii-de-giurgiu-au-depus-juramantul-vezi-aici-ce-au-transmis-deputatii-giurgiuveni\/","title":{"rendered":"Parlamentarii de Giurgiu au depus jur\u0103m\u00e2ntul. VEZI AICI ce au transmis deputa\u0163ii giurgiuveni!"},"content":{"rendered":"<p><!--more--><\/p>\n<p>Social-democra\u0163ii giurgiuveni Elena Dinu, R\u0103zvan Cuc \u015fi Alexandru Andrei sunt pentru prima oar\u0103 \u00een Parlamentul Rom\u00e2niei \u015fi to\u0163i au descris ziua de ieri ca fiind una emo\u0163ionant\u0103.<\/p>\n<p><em>\u201eUn alt moment emo\u0163ionant din via\u0163a mea s-a derulat ast\u0103zi, \u00een Camera Deputa\u0163ilor- depunerea jur\u0103m\u00e2ntului \u00een calitate de deputat. S\u0103 fie \u00eentr-un ceas bun, zic!\u201d<\/em>, a scris pe pagina sa de Facebook, R\u0103zvan Cuc.<\/p>\n<p><img loading=\"lazy\" decoding=\"async\" class=\"aligncenter size-full wp-image-49761\" src=\"https:\/\/giurgiu-net.ro\/wp-content\/uploads\/2016\/12\/razvan-juramant.jpg\" alt=\"\" width=\"370\" height=\"493\" \/><\/p>\n<p>\u201eAst\u0103zi, al\u0103turi de colegii mei, am depus &#8222;Jur\u0103m\u00e2ntul de credin\u0163\u0103 fa\u0163\u0103 de \u0163ar\u0103 \u015fi popor&#8221; \u00een cadrul \u015fedin\u0163ei solemne de plen a Camerei Deputa\u0163ilor. Doamne ajut\u0103!&#8221;, a scris \u015fi Alexandru Andrei, tot pe Facebook.<\/p>\n<p><strong><em>\u00a0<img loading=\"lazy\" decoding=\"async\" class=\"aligncenter size-full wp-image-49762\" src=\"https:\/\/giurgiu-net.ro\/wp-content\/uploads\/2016\/12\/alex-juramant.jpg\" alt=\"\" width=\"526\" height=\"701\" \/><\/em><\/strong><\/p>\n<p><strong><em>\u00a0<\/em><\/strong><em>\u201eDatorit\u0103 \u00eencrederii acordate de dumneavoastr\u0103, stima\u0163i giurgiuveni, a conducerii PSD Giurgiu, a prietenilor \u015fi familiei mele am tr\u0103it, ast\u0103zi, clipe deosebite \u015fi, desigur, deosebit de emo\u0163ionante, la depunerea jur\u0103m\u00e2ntului ca deputat de Giurgiu!\u00a0<\/em><br \/>\n<em> V\u0103 mul\u0163umesc tuturor \u015fi voi face tot ce \u00eemi st\u0103 \u00een putin\u0163\u0103 pentru un mandat cu realiz\u0103ri pentru municipiul \u015fi jude\u0163ul Giurgiu! A\u015fa s\u0103 ne ajute Dumnezeu!\u201d<\/em>, este \u015fi mesajul Elenei Dinu.<\/p>\n<p><img loading=\"lazy\" decoding=\"async\" class=\"aligncenter size-full wp-image-49763\" src=\"https:\/\/giurgiu-net.ro\/wp-content\/uploads\/2016\/12\/IMG-20161221-WA0000.jpg\" alt=\"\" width=\"1182\" height=\"1089\" \/>\u00a0Niculae B\u0103d\u0103l\u0103u \u015fi Cristian Marciu- PSD- au depus \u015fi ei ieri jur\u0103m\u00e2ntul \u00een calitatea de senatori.<\/p>\n<p>Succes tuturor \u00een activitate!<\/p>\n","protected":false},"excerpt":{"rendered":"","protected":false},"author":1,"featured_media":49764,"comment_status":"open","ping_status":"open","sticky":false,"template":"","format":"standard","meta":{"slim_seo":{"title":"Parlamentarii de Giurgiu au depus jur\u0103m\u00e2ntul. VEZI AICI ce au transmis deputa\u0163ii giurgiuveni! - GIURGIU NET","description":"Social-democra\u0163ii giurgiuveni Elena Dinu, R\u0103zvan Cuc \u015fi Alexandru Andrei sunt pentru prima oar\u0103 \u00een Parlamentul Rom\u00e2niei \u015fi to\u0163i au descris ziua de ieri ca fiind"},"footnotes":""},"categories":[18,25],"tags":[1923],"class_list":{"0":"post-49760","1":"post","2":"type-post","3":"status-publish","4":"format-standard","5":"has-post-thumbnail","7":"category-actual","8":"category-pol","9":"tag-parlamentari-giurgiu"},"_links":{"self":[{"href":"https:\/\/giurgiu-net.ro\/index.php\/wp-json\/wp\/v2\/posts\/49760","targetHints":{"allow":["GET"]}}],"collection":[{"href":"https:\/\/giurgiu-net.ro\/index.php\/wp-json\/wp\/v2\/posts"}],"about":[{"href":"https:\/\/giurgiu-net.ro\/index.php\/wp-json\/wp\/v2\/types\/post"}],"author":[{"embeddable":true,"href":"https:\/\/giurgiu-net.ro\/index.php\/wp-json\/wp\/v2\/users\/1"}],"replies":[{"embeddable":true,"href":"https:\/\/giurgiu-net.ro\/index.php\/wp-json\/wp\/v2\/comments?post=49760"}],"version-history":[{"count":0,"href":"https:\/\/giurgiu-net.ro\/index.php\/wp-json\/wp\/v2\/posts\/49760\/revisions"}],"wp:featuredmedia":[{"embeddable":true,"href":"https:\/\/giurgiu-net.ro\/index.php\/wp-json\/"}],"wp:attachment":[{"href":"https:\/\/giurgiu-net.ro\/index.php\/wp-json\/wp\/v2\/media?parent=49760"}],"wp:term":[{"taxonomy":"category","embeddable":true,"href":"https:\/\/giurgiu-net.ro\/index.php\/wp-json\/wp\/v2\/categories?post=49760"},{"taxonomy":"post_tag","embeddable":true,"href":"https:\/\/giurgiu-net.ro\/index.php\/wp-json\/wp\/v2\/tags?post=49760"}],"curies":[{"name":"wp","href":"https:\/\/api.w.org\/{rel}","templated":true}]}}