{"id":49731,"date":"2016-12-21T10:04:17","date_gmt":"2016-12-21T08:04:17","guid":{"rendered":"http:\/\/giurgiu-net.ro\/?p=49731"},"modified":"2016-12-21T10:04:17","modified_gmt":"2016-12-21T08:04:17","slug":"un-copil-a-murit-in-urma-unui-incendiu-produs-la-o-casa-din-ghimpati","status":"publish","type":"post","link":"https:\/\/giurgiu-net.ro\/index.php\/2016\/12\/21\/un-copil-a-murit-in-urma-unui-incendiu-produs-la-o-casa-din-ghimpati\/","title":{"rendered":"Un copil a murit, \u00een urma unui incendiu produs la o cas\u0103 din Ghimpa\u0163i"},"content":{"rendered":"<p>Vestea trist\u0103 a fost dat\u0103, \u00een urm\u0103 cu c\u00e2teva momente, de c\u0103tre reprezentan\u0163ii ISU Giurgiu.<!--more-->Copilul, \u00een v\u00e2rst\u0103 de 3 ani, a fost resuscitat zeci de minute de c\u0103tre cei de la Ambulan\u0163\u0103, dup\u0103 ce s-a intoxicat cu fum \u00eentr-un incendiu ce a izbucnit la o locuin\u0163\u0103 din localitatea men\u0163ionat\u0103.<\/p>\n<p>\u015ei bunicul s\u0103u, \u00een v\u00e2rst\u0103 de 60 de ani,\u00a0s-a intoxicat cu fumul gros, dar, spun pompierii, \u015fi-a revenit \u00een scurt timp.<\/p>\n<p>Reprezentan\u0163ii ISU Giurgiu anun\u0163\u0103 c\u0103 dup\u0103 sosirea echipajelor la locul interven\u0163iei s-a constatat c\u0103 incendiul se\u00a0manifesta \u00een podul casei \u015fi \u00eentr-o camer\u0103 de locuit.<br \/>\n\u201eIn urma incendiului au ars obiecte de mobilier, un calculator, articole de imbracaminte, o camera de locuit si acoperisul pe o suprafata de cca. 10 mp\u201d, precizeaz\u0103\u00a0pompierii giurgiuveni.<\/p>\n<p><img loading=\"lazy\" decoding=\"async\" class=\"alignnone size-medium wp-image-49732\" src=\"https:\/\/giurgiu-net.ro\/wp-content\/uploads\/2016\/12\/incendiu-3-200x150.jpg\" alt=\"\" width=\"200\" height=\"150\" \/> <img loading=\"lazy\" decoding=\"async\" class=\"alignnone size-medium wp-image-49733\" src=\"https:\/\/giurgiu-net.ro\/wp-content\/uploads\/2016\/12\/incendiu-4-200x150.jpg\" alt=\"\" width=\"200\" height=\"150\" \/> <img loading=\"lazy\" decoding=\"async\" class=\"alignnone size-medium wp-image-49734\" src=\"https:\/\/giurgiu-net.ro\/wp-content\/uploads\/2016\/12\/incendiu-ghimpati-200x150.jpg\" alt=\"\" width=\"200\" height=\"150\" \/><\/p>\n<p>Foto: ISU Giurgiu<\/p>\n","protected":false},"excerpt":{"rendered":"<p>Vestea trist\u0103 a fost dat\u0103, \u00een urm\u0103 cu c\u00e2teva momente, de c\u0103tre reprezentan\u0163ii ISU Giurgiu.<\/p>\n","protected":false},"author":1,"featured_media":49732,"comment_status":"open","ping_status":"open","sticky":false,"template":"","format":"standard","meta":{"slim_seo":{"title":"Un copil a murit, \u00een urma unui incendiu produs la o cas\u0103 din Ghimpa\u0163i - GIURGIU NET","description":"Vestea trist\u0103 a fost dat\u0103, \u00een urm\u0103 cu c\u00e2teva momente, de c\u0103tre reprezentan\u0163ii ISU Giurgiu. Copilul, \u00een v\u00e2rst\u0103 de 3 ani, a fost resuscitat zeci de minute de c\u0103tr"},"footnotes":""},"categories":[18,26,28],"tags":[1356,1452],"class_list":{"0":"post-49731","1":"post","2":"type-post","3":"status-publish","4":"format-standard","5":"has-post-thumbnail","7":"category-actual","8":"category-soc","9":"category-uo","10":"tag-incendiu-ghimpati","11":"tag-isu-giurgiu"},"_links":{"self":[{"href":"https:\/\/giurgiu-net.ro\/index.php\/wp-json\/wp\/v2\/posts\/49731","targetHints":{"allow":["GET"]}}],"collection":[{"href":"https:\/\/giurgiu-net.ro\/index.php\/wp-json\/wp\/v2\/posts"}],"about":[{"href":"https:\/\/giurgiu-net.ro\/index.php\/wp-json\/wp\/v2\/types\/post"}],"author":[{"embeddable":true,"href":"https:\/\/giurgiu-net.ro\/index.php\/wp-json\/wp\/v2\/users\/1"}],"replies":[{"embeddable":true,"href":"https:\/\/giurgiu-net.ro\/index.php\/wp-json\/wp\/v2\/comments?post=49731"}],"version-history":[{"count":0,"href":"https:\/\/giurgiu-net.ro\/index.php\/wp-json\/wp\/v2\/posts\/49731\/revisions"}],"wp:featuredmedia":[{"embeddable":true,"href":"https:\/\/giurgiu-net.ro\/index.php\/wp-json\/"}],"wp:attachment":[{"href":"https:\/\/giurgiu-net.ro\/index.php\/wp-json\/wp\/v2\/media?parent=49731"}],"wp:term":[{"taxonomy":"category","embeddable":true,"href":"https:\/\/giurgiu-net.ro\/index.php\/wp-json\/wp\/v2\/categories?post=49731"},{"taxonomy":"post_tag","embeddable":true,"href":"https:\/\/giurgiu-net.ro\/index.php\/wp-json\/wp\/v2\/tags?post=49731"}],"curies":[{"name":"wp","href":"https:\/\/api.w.org\/{rel}","templated":true}]}}