{"id":49688,"date":"2016-12-20T13:23:31","date_gmt":"2016-12-20T11:23:31","guid":{"rendered":"http:\/\/giurgiu-net.ro\/?p=49688"},"modified":"2016-12-20T13:23:31","modified_gmt":"2016-12-20T11:23:31","slug":"marian-mina-le-multumesc-consilierilor-judeteni-pentru-colaborare-am-dovedit-ca-putem-fi-o-echipa","status":"publish","type":"post","link":"https:\/\/giurgiu-net.ro\/index.php\/2016\/12\/20\/marian-mina-le-multumesc-consilierilor-judeteni-pentru-colaborare-am-dovedit-ca-putem-fi-o-echipa\/","title":{"rendered":"Marian Mina: Le mul\u0163umesc consilierilor jude\u0163eni pentru colaborare, am dovedit c\u0103 putem fi o echip\u0103!"},"content":{"rendered":"<p>Pre\u015fedintele Consiliului Jude\u0163ean Giurgiu, Marian Mina, a f\u0103cut aceast\u0103 afirma\u0163ie mar\u0163i, 20 decembrie, la finalul ultimei \u015fedin\u0163e din acest an.<!--more--><\/p>\n<p><em>\u201eDoresc s\u0103 le mul\u0163umesc tuturor consilierilor pentru colaborarea din acest an, pentru munca depus\u0103 \u015fi, consider eu, am reu\u015fit s\u0103 facem lucruri bune pentru jude\u0163. Am dovedit c\u0103 putem fi o echip\u0103, aici, la Consiliul Jude\u0163ean Giurgiu \u015fi c\u0103 ambi\u0163iile politice pot fi l\u0103sate la o parte pentru a face lucruri bune pentru giurgiuveni. \u00cemi doresc s\u0103 avem \u015fi mai multe realiz\u0103ri \u00een anul care vine! S\u0103rb\u0103tori fericite tuturor, La Mul\u0163i Ani \u015fi dumneavoastr\u0103 \u015fi colegilor din Consiliu, giurgiuvenilor, dar \u015fi jurnali\u015ftilor c\u0103rora le mul\u0163umim, de asemenea, pentru colaborare!&#8221;<\/em>, a transmis Mina \u00een mesajul s\u0103u.<\/p>\n<p>\u00cen cadrul \u015fedin\u0163ei de azi, au fost votate \u00een unanimitate \u015fase proiecte de pe ordinea de zi, dar \u015fi alte trei suplimentare.<\/p>\n<p>Unul dintre puncte prevede acordarea unor sprijine financiare pentru trei fete giurgiuvene care urmeaz\u0103 facult\u0103\u0163i din str\u0103in\u0103tate. Dou\u0103 dintre ele, Anca L\u0103ceanu \u015fi Adriana T\u00e2rn\u0103cop, au fost prezente la \u015fedin\u0163a de azi \u015fi aplaudate de c\u0103tre to\u0163i cei prezen\u0163i \u00een sal\u0103.<\/p>\n<p><img loading=\"lazy\" decoding=\"async\" class=\"aligncenter size-full wp-image-49690\" src=\"https:\/\/giurgiu-net.ro\/wp-content\/uploads\/2016\/12\/DSC_0459.jpg\" alt=\"\" width=\"3790\" height=\"1994\" \/><\/p>\n<p><img loading=\"lazy\" decoding=\"async\" class=\"aligncenter size-full wp-image-49691\" src=\"https:\/\/giurgiu-net.ro\/wp-content\/uploads\/2016\/12\/sprijine-fete.jpg\" alt=\"\" width=\"711\" height=\"549\" \/><\/p>\n","protected":false},"excerpt":{"rendered":"<p>Pre\u015fedintele Consiliului Jude\u0163ean Giurgiu, Marian Mina, a f\u0103cut aceast\u0103 afirma\u0163ie mar\u0163i, 20 decembrie, la finalul ultimei \u015fedin\u0163e din acest an.<\/p>\n","protected":false},"author":1,"featured_media":49689,"comment_status":"open","ping_status":"open","sticky":false,"template":"","format":"standard","meta":{"slim_seo":{"title":"Marian Mina: Le mul\u0163umesc consilierilor jude\u0163eni pentru colaborare, am dovedit c\u0103 putem fi o echip\u0103! - GIURGIU NET","description":"Pre\u015fedintele Consiliului Jude\u0163ean Giurgiu, Marian Mina, a f\u0103cut aceast\u0103 afirma\u0163ie mar\u0163i, 20 decembrie, la finalul ultimei \u015fedin\u0163e din acest an. \u201eDoresc s\u0103 le mu"},"footnotes":""},"categories":[18,29,26],"tags":[606,1626],"class_list":{"0":"post-49688","1":"post","2":"type-post","3":"status-publish","4":"format-standard","5":"has-post-thumbnail","7":"category-actual","8":"category-educatie-si-cultura","9":"category-soc","10":"tag-cj-giurgiu","11":"tag-marian-mina"},"_links":{"self":[{"href":"https:\/\/giurgiu-net.ro\/index.php\/wp-json\/wp\/v2\/posts\/49688","targetHints":{"allow":["GET"]}}],"collection":[{"href":"https:\/\/giurgiu-net.ro\/index.php\/wp-json\/wp\/v2\/posts"}],"about":[{"href":"https:\/\/giurgiu-net.ro\/index.php\/wp-json\/wp\/v2\/types\/post"}],"author":[{"embeddable":true,"href":"https:\/\/giurgiu-net.ro\/index.php\/wp-json\/wp\/v2\/users\/1"}],"replies":[{"embeddable":true,"href":"https:\/\/giurgiu-net.ro\/index.php\/wp-json\/wp\/v2\/comments?post=49688"}],"version-history":[{"count":0,"href":"https:\/\/giurgiu-net.ro\/index.php\/wp-json\/wp\/v2\/posts\/49688\/revisions"}],"wp:featuredmedia":[{"embeddable":true,"href":"https:\/\/giurgiu-net.ro\/index.php\/wp-json\/"}],"wp:attachment":[{"href":"https:\/\/giurgiu-net.ro\/index.php\/wp-json\/wp\/v2\/media?parent=49688"}],"wp:term":[{"taxonomy":"category","embeddable":true,"href":"https:\/\/giurgiu-net.ro\/index.php\/wp-json\/wp\/v2\/categories?post=49688"},{"taxonomy":"post_tag","embeddable":true,"href":"https:\/\/giurgiu-net.ro\/index.php\/wp-json\/wp\/v2\/tags?post=49688"}],"curies":[{"name":"wp","href":"https:\/\/api.w.org\/{rel}","templated":true}]}}