{"id":49591,"date":"2016-12-15T16:50:13","date_gmt":"2016-12-15T14:50:13","guid":{"rendered":"http:\/\/giurgiu-net.ro\/?p=49591"},"modified":"2016-12-15T16:50:13","modified_gmt":"2016-12-15T14:50:13","slug":"razvan-cuc-suntem-pregatiti-sa-trecem-la-treaba","status":"publish","type":"post","link":"https:\/\/giurgiu-net.ro\/index.php\/2016\/12\/15\/razvan-cuc-suntem-pregatiti-sa-trecem-la-treaba\/","title":{"rendered":"R\u0103zvan Cuc: Suntem preg\u0103ti\u021bi s\u0103 trecem la treab\u0103!"},"content":{"rendered":"<p><!--more--><\/p>\n<p>C\u00e2\u0219tig\u0103tor al unui mandat de deputat, social-democratul R\u0103zvan Cuc a transmis \u015fi el un mesaj, \u00een cadrul conferin\u0163ei de pres\u0103 de joi, 15 decembrie:<\/p>\n<p><em>\u201eDoresc s\u0103 le mul\u0163umesc aleg\u0103torilor giurgiuveni pentru \u00eencredere! Este un vot care ne \u015fi oblig\u0103, a\u015fa cum a spus \u015fi pre\u015fedintele B\u0103d\u0103l\u0103u, \u015fi \u015ftiu sigur c\u0103 nu vom dezam\u0103gi! Suntem singurul partid cu un program de guvernare concret, avem \u015fi un proiect de buget pentru 2017, suntem preg\u0103ti\u0163i s\u0103 trecem la treab\u0103. <\/em><\/p>\n<p><em>Cu aceast\u0103 ocazie vreau s\u0103 le urez tututor giurgiuvenilor S\u0103rb\u0103tori Fericite \u015fi un An Nou cu \u00eempliniri \u015fi colegilor mei mult succes \u00een activitate!\u201d<\/em><\/p>\n<p><img loading=\"lazy\" decoding=\"async\" class=\"aligncenter size-full wp-image-49592\" src=\"https:\/\/giurgiu-net.ro\/wp-content\/uploads\/2016\/12\/DSC_0324-2.jpg\" alt=\"dsc_0324\" width=\"800\" height=\"481\" \/> <img loading=\"lazy\" decoding=\"async\" class=\"aligncenter size-full wp-image-49593\" src=\"https:\/\/giurgiu-net.ro\/wp-content\/uploads\/2016\/12\/DSC_0321-1.jpg\" alt=\"dsc_0321\" width=\"800\" height=\"530\" \/> <img loading=\"lazy\" decoding=\"async\" class=\"aligncenter size-full wp-image-49594\" src=\"https:\/\/giurgiu-net.ro\/wp-content\/uploads\/2016\/12\/DSC_0319.jpg\" alt=\"dsc_0319\" width=\"800\" height=\"366\" \/> <img loading=\"lazy\" decoding=\"async\" class=\"aligncenter size-full wp-image-49595\" src=\"https:\/\/giurgiu-net.ro\/wp-content\/uploads\/2016\/12\/DSC_0301-1.jpg\" alt=\"dsc_0301\" width=\"800\" height=\"375\" \/> <img loading=\"lazy\" decoding=\"async\" class=\"aligncenter size-full wp-image-49596\" src=\"https:\/\/giurgiu-net.ro\/wp-content\/uploads\/2016\/12\/DSC_0297.jpg\" alt=\"dsc_0297\" width=\"800\" height=\"507\" \/> <img loading=\"lazy\" decoding=\"async\" class=\"aligncenter size-full wp-image-49597\" src=\"https:\/\/giurgiu-net.ro\/wp-content\/uploads\/2016\/12\/DSC_0295.jpg\" alt=\"dsc_0295\" width=\"800\" height=\"715\" \/>zz<\/p>\n","protected":false},"excerpt":{"rendered":"","protected":false},"author":1,"featured_media":49597,"comment_status":"open","ping_status":"open","sticky":false,"template":"","format":"standard","meta":{"slim_seo":{"title":"R\u0103zvan Cuc: Suntem preg\u0103ti\u021bi s\u0103 trecem la treab\u0103! - GIURGIU NET","description":"C\u00e2\u0219tig\u0103tor al unui mandat de deputat, social-democratul R\u0103zvan Cuc a transmis \u015fi el un mesaj, \u00een cadrul conferin\u0163ei de pres\u0103 de joi, 15 decembrie: \u201eDoresc s\u0103 le"},"footnotes":""},"categories":[18,25],"tags":[163,2290],"class_list":["post-49591","post","type-post","status-publish","format-standard","has-post-thumbnail","category-actual","category-pol","tag-alegeri-parlamentare","tag-razvan-cuc"],"_links":{"self":[{"href":"https:\/\/giurgiu-net.ro\/index.php\/wp-json\/wp\/v2\/posts\/49591","targetHints":{"allow":["GET"]}}],"collection":[{"href":"https:\/\/giurgiu-net.ro\/index.php\/wp-json\/wp\/v2\/posts"}],"about":[{"href":"https:\/\/giurgiu-net.ro\/index.php\/wp-json\/wp\/v2\/types\/post"}],"author":[{"embeddable":true,"href":"https:\/\/giurgiu-net.ro\/index.php\/wp-json\/wp\/v2\/users\/1"}],"replies":[{"embeddable":true,"href":"https:\/\/giurgiu-net.ro\/index.php\/wp-json\/wp\/v2\/comments?post=49591"}],"version-history":[{"count":0,"href":"https:\/\/giurgiu-net.ro\/index.php\/wp-json\/wp\/v2\/posts\/49591\/revisions"}],"wp:attachment":[{"href":"https:\/\/giurgiu-net.ro\/index.php\/wp-json\/wp\/v2\/media?parent=49591"}],"wp:term":[{"taxonomy":"category","embeddable":true,"href":"https:\/\/giurgiu-net.ro\/index.php\/wp-json\/wp\/v2\/categories?post=49591"},{"taxonomy":"post_tag","embeddable":true,"href":"https:\/\/giurgiu-net.ro\/index.php\/wp-json\/wp\/v2\/tags?post=49591"}],"curies":[{"name":"wp","href":"https:\/\/api.w.org\/{rel}","templated":true}]}}