{"id":49358,"date":"2016-12-07T11:10:06","date_gmt":"2016-12-07T09:10:06","guid":{"rendered":"http:\/\/giurgiu-net.ro\/?p=49358"},"modified":"2016-12-07T11:10:06","modified_gmt":"2016-12-07T09:10:06","slug":"321-sa-inceapa-sarbatorile-de-iarna","status":"publish","type":"post","link":"https:\/\/giurgiu-net.ro\/index.php\/2016\/12\/07\/321-sa-inceapa-sarbatorile-de-iarna\/","title":{"rendered":"3,2,1&#8230; S\u0103 \u00eenceap\u0103 S\u0103rb\u0103torile de Iarn\u0103!"},"content":{"rendered":"<p><!--more--><\/p>\n<p>Prim\u0103ria Giurgiu.ro<\/p>\n<p>&#8222;Sute de copii \u00eenso\u021bi\u021bi de p\u0103rin\u021bi \u0219i bunici au asistat, mar\u021bi 6 decembrie, \u00een Parcul Mihai Viteazu la evenimentul de aprindere a iluminatului ornamental din ora\u0219 \u0219i a lumini\u021belor din bradul amplasat \u00een parc, \u00eentr-o atmosfer\u0103 de s\u0103rb\u0103toare creat\u0103 de Orchestra de sufl\u0103tori Valahia condus\u0103 de Virgil Pe\u021banca \u0219i de frumoasele majorete ale Centrului Cultural \u201dIon Vinea\u201d \u2013 Step Up preg\u0103tite de Tania Moga.<\/p>\n<p>A devenit deja o tradi\u021bie, ca \u00een fiecare an, primarul Nicolae Barbu al\u0103turi de copiii prezen\u021bi la spectacol s\u0103 apese pe butonul care aprinde toate lumini\u021bele din ora\u0219, d\u00e2nd astfel startul s\u0103rb\u0103torilor de iarn\u0103, a\u0219a cum spune tradi\u021bia, pe 6 decembrie, de Sf.Nicolae.<br \/>\nDin peisaj nu a lipsit Mo\u0219 Cr\u0103ciun care a venit \u00eencarcat cu cadouri pentru micu\u021bii care au luat parte la festivitate.<\/p>\n<p>Evenimentul a continuat cu un spectacol artistic sus\u021binut de Corul Harfa Dun\u0103rii, Filip Band \u0219i Ansambul Florile Remu\u0219ului preg\u0103tit de Gheorghe Gheorghe.<br \/>\n\u00cen mijlocul t\u00e2rgului din parc, giurgiuvenii vor putea asculta colinde \u0219i c\u00e2ntece specifice de s\u0103rb\u0103tori \u00een fiecare zi de vineri, s\u00e2mb\u0103t\u0103 \u0219i duminic\u0103 \u00een cadrul unor spectacole rganizate de Centrul Cultural p\u00e2n\u0103 \u00een preajma Cr\u0103ciunului&#8221;.<\/p>\n<p><img loading=\"lazy\" decoding=\"async\" class=\"aligncenter size-full wp-image-49359\" src=\"https:\/\/giurgiu-net.ro\/wp-content\/uploads\/2016\/12\/1.jpg\" alt=\"1\" width=\"960\" height=\"635\" \/> <img loading=\"lazy\" decoding=\"async\" class=\"aligncenter size-full wp-image-49360\" src=\"https:\/\/giurgiu-net.ro\/wp-content\/uploads\/2016\/12\/2-1.jpg\" alt=\"2\" width=\"636\" height=\"960\" \/> <img loading=\"lazy\" decoding=\"async\" class=\"aligncenter size-full wp-image-49361\" src=\"https:\/\/giurgiu-net.ro\/wp-content\/uploads\/2016\/12\/3.jpg\" alt=\"3\" width=\"960\" height=\"540\" \/> <img loading=\"lazy\" decoding=\"async\" class=\"aligncenter size-full wp-image-49362\" src=\"https:\/\/giurgiu-net.ro\/wp-content\/uploads\/2016\/12\/4-1.jpg\" alt=\"4\" width=\"960\" height=\"539\" \/> <img loading=\"lazy\" decoding=\"async\" class=\"aligncenter size-full wp-image-49363\" src=\"https:\/\/giurgiu-net.ro\/wp-content\/uploads\/2016\/12\/5.jpg\" alt=\"5\" width=\"960\" height=\"540\" \/> <img loading=\"lazy\" decoding=\"async\" class=\"aligncenter size-full wp-image-49364\" src=\"https:\/\/giurgiu-net.ro\/wp-content\/uploads\/2016\/12\/6.jpg\" alt=\"6\" width=\"960\" height=\"540\" \/> <img loading=\"lazy\" decoding=\"async\" class=\"aligncenter size-full wp-image-49365\" src=\"https:\/\/giurgiu-net.ro\/wp-content\/uploads\/2016\/12\/7.jpg\" alt=\"7\" width=\"960\" height=\"540\" \/> <img loading=\"lazy\" decoding=\"async\" class=\"aligncenter size-full wp-image-49366\" src=\"https:\/\/giurgiu-net.ro\/wp-content\/uploads\/2016\/12\/8.jpg\" alt=\"8\" width=\"960\" height=\"540\" \/> <img loading=\"lazy\" decoding=\"async\" class=\"aligncenter size-full wp-image-49367\" src=\"https:\/\/giurgiu-net.ro\/wp-content\/uploads\/2016\/12\/9.jpg\" alt=\"9\" width=\"960\" height=\"540\" \/> <img loading=\"lazy\" decoding=\"async\" class=\"aligncenter size-full wp-image-49368\" src=\"https:\/\/giurgiu-net.ro\/wp-content\/uploads\/2016\/12\/10.jpg\" alt=\"10\" width=\"526\" height=\"348\" \/> <img loading=\"lazy\" decoding=\"async\" class=\"aligncenter size-full wp-image-49369\" src=\"https:\/\/giurgiu-net.ro\/wp-content\/uploads\/2016\/12\/11.jpg\" alt=\"11\" width=\"800\" height=\"530\" \/> <img loading=\"lazy\" decoding=\"async\" class=\"aligncenter size-full wp-image-49370\" src=\"https:\/\/giurgiu-net.ro\/wp-content\/uploads\/2016\/12\/12.jpg\" alt=\"12\" width=\"636\" height=\"960\" \/> <img loading=\"lazy\" decoding=\"async\" class=\"aligncenter size-full wp-image-49371\" src=\"https:\/\/giurgiu-net.ro\/wp-content\/uploads\/2016\/12\/13.jpg\" alt=\"13\" width=\"228\" height=\"151\" \/> <img loading=\"lazy\" decoding=\"async\" class=\"aligncenter size-full wp-image-49372\" src=\"https:\/\/giurgiu-net.ro\/wp-content\/uploads\/2016\/12\/14.jpg\" alt=\"14\" width=\"960\" height=\"635\" \/><\/p>\n<p>&nbsp;<\/p>\n","protected":false},"excerpt":{"rendered":"","protected":false},"author":1,"featured_media":49365,"comment_status":"open","ping_status":"open","sticky":false,"template":"","format":"standard","meta":{"slim_seo":{"title":"3,2,1... S\u0103 \u00eenceap\u0103 S\u0103rb\u0103torile de Iarn\u0103! - GIURGIU NET","description":"Prim\u0103ria Giurgiu.ro \"Sute de copii \u00eenso\u021bi\u021bi de p\u0103rin\u021bi \u0219i bunici au asistat, mar\u021bi 6 decembrie, \u00een Parcul Mihai Viteazu la evenimentul de aprindere a iluminatul"},"footnotes":""},"categories":[18,31],"tags":[1244],"class_list":{"0":"post-49358","1":"post","2":"type-post","3":"status-publish","4":"format-standard","5":"has-post-thumbnail","7":"category-actual","8":"category-mon","9":"tag-giurgiu-sarbatori-de-iarna"},"_links":{"self":[{"href":"https:\/\/giurgiu-net.ro\/index.php\/wp-json\/wp\/v2\/posts\/49358","targetHints":{"allow":["GET"]}}],"collection":[{"href":"https:\/\/giurgiu-net.ro\/index.php\/wp-json\/wp\/v2\/posts"}],"about":[{"href":"https:\/\/giurgiu-net.ro\/index.php\/wp-json\/wp\/v2\/types\/post"}],"author":[{"embeddable":true,"href":"https:\/\/giurgiu-net.ro\/index.php\/wp-json\/wp\/v2\/users\/1"}],"replies":[{"embeddable":true,"href":"https:\/\/giurgiu-net.ro\/index.php\/wp-json\/wp\/v2\/comments?post=49358"}],"version-history":[{"count":0,"href":"https:\/\/giurgiu-net.ro\/index.php\/wp-json\/wp\/v2\/posts\/49358\/revisions"}],"wp:featuredmedia":[{"embeddable":true,"href":"https:\/\/giurgiu-net.ro\/index.php\/wp-json\/"}],"wp:attachment":[{"href":"https:\/\/giurgiu-net.ro\/index.php\/wp-json\/wp\/v2\/media?parent=49358"}],"wp:term":[{"taxonomy":"category","embeddable":true,"href":"https:\/\/giurgiu-net.ro\/index.php\/wp-json\/wp\/v2\/categories?post=49358"},{"taxonomy":"post_tag","embeddable":true,"href":"https:\/\/giurgiu-net.ro\/index.php\/wp-json\/wp\/v2\/tags?post=49358"}],"curies":[{"name":"wp","href":"https:\/\/api.w.org\/{rel}","templated":true}]}}