{"id":49317,"date":"2016-12-06T10:09:59","date_gmt":"2016-12-06T08:09:59","guid":{"rendered":"http:\/\/giurgiu-net.ro\/?p=49317"},"modified":"2016-12-06T10:09:59","modified_gmt":"2016-12-06T08:09:59","slug":"s-a-declansat-codul-rosu-la-ghimpati","status":"publish","type":"post","link":"https:\/\/giurgiu-net.ro\/index.php\/2016\/12\/06\/s-a-declansat-codul-rosu-la-ghimpati\/","title":{"rendered":"S-a declan\u015fat \u201eCodul ro\u015fu\u201d la Ghimpa\u0163i!"},"content":{"rendered":"<p>Peste 300 de oameni, membri ai PSD, sus\u0163in\u0103tori, primari, prieteni ai edilului Constatin C\u0103r\u0103p\u0103nceanu, dar \u015fi oaspe\u0163i de seam\u0103 au participat luni, 5 decembrie, la o ac\u0163iune electoral\u0103 de amploare.<!--more--><\/p>\n<p>Evenimentul a fost g\u0103zduit de moderna sal\u0103 a Centrului Cultural din Ghimpa\u0163i, acolo unde cet\u0103\u0163enii s-au reunit pentru a-i cunoa\u015fte mai bine pe candida\u0163ii PSD Giurgiu la alegerile parlamentare de duminica viitoare.<\/p>\n<p><img loading=\"lazy\" decoding=\"async\" class=\"aligncenter size-full wp-image-49318\" src=\"https:\/\/giurgiu-net.ro\/wp-content\/uploads\/2016\/12\/DSC_0004.jpg\" alt=\"dsc_0004\" width=\"800\" height=\"679\" \/> <img loading=\"lazy\" decoding=\"async\" class=\"aligncenter size-full wp-image-49319\" src=\"https:\/\/giurgiu-net.ro\/wp-content\/uploads\/2016\/12\/DSC_0009.jpg\" alt=\"dsc_0009\" width=\"800\" height=\"530\" \/> <img loading=\"lazy\" decoding=\"async\" class=\"aligncenter size-full wp-image-49320\" src=\"https:\/\/giurgiu-net.ro\/wp-content\/uploads\/2016\/12\/DSC_0017.jpg\" alt=\"dsc_0017\" width=\"800\" height=\"530\" \/> <img loading=\"lazy\" decoding=\"async\" class=\"aligncenter size-full wp-image-49321\" src=\"https:\/\/giurgiu-net.ro\/wp-content\/uploads\/2016\/12\/DSC_0030.jpg\" alt=\"dsc_0030\" width=\"800\" height=\"530\" \/> <img loading=\"lazy\" decoding=\"async\" class=\"aligncenter size-full wp-image-49322\" src=\"https:\/\/giurgiu-net.ro\/wp-content\/uploads\/2016\/12\/DSC_0031-2.jpg\" alt=\"dsc_0031\" width=\"800\" height=\"588\" \/> <img loading=\"lazy\" decoding=\"async\" class=\"aligncenter size-full wp-image-49323\" src=\"https:\/\/giurgiu-net.ro\/wp-content\/uploads\/2016\/12\/DSC_0034.jpg\" alt=\"dsc_0034\" width=\"800\" height=\"746\" \/> <img loading=\"lazy\" decoding=\"async\" class=\"aligncenter size-full wp-image-49324\" src=\"https:\/\/giurgiu-net.ro\/wp-content\/uploads\/2016\/12\/DSC_0067.jpg\" alt=\"dsc_0067\" width=\"800\" height=\"530\" \/><\/p>\n<p>Invitat de onoare a fost europarlamentarul Viorica D\u0103ncil\u0103, pre\u015fedinte al OFSD central. De asemenea, au venit la \u00eent\u00e2lnirea cu social-democra\u0163ii din Ghimpa\u0163i pre\u015fedintele PSD Giurgiu, senatorul Niculae B\u0103d\u0103l\u0103u, pre\u015fedintele Consiliului Jude\u0163ean, Marian Mina, \u015fi doi dintre candida\u0163ii la Camera Deputa\u0163ilor Elena Dinu \u015fi R\u0103zvan Cuc.<\/p>\n<p><img loading=\"lazy\" decoding=\"async\" class=\"aligncenter size-full wp-image-49325\" src=\"https:\/\/giurgiu-net.ro\/wp-content\/uploads\/2016\/12\/DSC_0010.jpg\" alt=\"dsc_0010\" width=\"800\" height=\"669\" \/> <img loading=\"lazy\" decoding=\"async\" class=\"aligncenter size-full wp-image-49326\" src=\"https:\/\/giurgiu-net.ro\/wp-content\/uploads\/2016\/12\/DSC_0022.jpg\" alt=\"dsc_0022\" width=\"800\" height=\"530\" \/> <img loading=\"lazy\" decoding=\"async\" class=\"aligncenter size-full wp-image-49327\" src=\"https:\/\/giurgiu-net.ro\/wp-content\/uploads\/2016\/12\/DSC_0033.jpg\" alt=\"dsc_0033\" width=\"800\" height=\"530\" \/> <img loading=\"lazy\" decoding=\"async\" class=\"aligncenter size-full wp-image-49328\" src=\"https:\/\/giurgiu-net.ro\/wp-content\/uploads\/2016\/12\/DSC_0036.jpg\" alt=\"dsc_0036\" width=\"800\" height=\"472\" \/> <img loading=\"lazy\" decoding=\"async\" class=\"aligncenter size-full wp-image-49329\" src=\"https:\/\/giurgiu-net.ro\/wp-content\/uploads\/2016\/12\/DSC_0037.jpg\" alt=\"dsc_0037\" width=\"800\" height=\"521\" \/> <img loading=\"lazy\" decoding=\"async\" class=\"aligncenter size-full wp-image-49330\" src=\"https:\/\/giurgiu-net.ro\/wp-content\/uploads\/2016\/12\/DSC_0038.jpg\" alt=\"dsc_0038\" width=\"800\" height=\"448\" \/> <img loading=\"lazy\" decoding=\"async\" class=\"aligncenter size-full wp-image-49331\" src=\"https:\/\/giurgiu-net.ro\/wp-content\/uploads\/2016\/12\/DSC_0051-1.jpg\" alt=\"dsc_0051\" width=\"800\" height=\"530\" \/><\/p>\n<p><em>\u201eVreau s\u0103 \u00eei mul\u0163umesc domnului pre\u015fedinte Niculae B\u0103d\u0103l\u0103u pentru c\u0103 a avut \u00eencredere \u00een primarul comunei Ghimpa\u0163i la alegerile din var\u0103, \u00eei mul\u0163umesc pentru c\u0103 mi-a conferit func\u0163ia de director de campanie \u015fi, iat\u0103, am ob\u0163inut am ob\u0163inut \u00eempreun\u0103 un rezultat extraordinar: avem 46 de primari, 20 de consilieri jude\u0163eni \u015fi avem \u015fi pre\u015fedintele Consiliului Jude\u0163ean, pe domnul Marian Mina. Vreau s\u0103 v\u0103 mul\u0163umesc \u015fi tuturor celor care sunte\u0163i aici, celor din organiza\u0163ia PSD Ghimpa\u0163i, locuitorilor acestei comune pentru \u00eencredere. La Ghimpa\u0163i am declan\u015fat &lt;Codul Ro\u015fu&gt;, adic\u0103 noi, social-democra\u0163ii, vom ob\u0163ine din nou un rezultat excelent la alegerile parlamentare&#8221;<\/em>, a spus primarul din Ghimpa\u0163i, Constantin C\u0103r\u0103p\u0103nceanu.<\/p>\n<p>La r\u00e2ndul s\u0103u, europarlamentarul Viorica D\u0103ncil\u0103 a spus c\u0103 vine la Ghimpa\u0163i de fiecare dat\u0103 cu mare drag.<\/p>\n<p><img loading=\"lazy\" decoding=\"async\" class=\"aligncenter size-full wp-image-49332\" src=\"https:\/\/giurgiu-net.ro\/wp-content\/uploads\/2016\/12\/DSC_0062.jpg\" alt=\"dsc_0062\" width=\"800\" height=\"553\" \/><\/p>\n<p><em>\u201eAdmir unitatea de care da\u0163i dovad\u0103 \u015fi \u015ftiu c\u0103 ave\u0163i un primar care \u00ee\u015fi iube\u015fte comunitatea. Azi, a<\/em><em>m venit s\u0103 sus\u0163in echipa PSD Giurgiu pe care o admir, pe care o cunosc de foarte mul\u0163i ani, pe al c\u0103rei pre\u015fedinte, Niculae B\u0103d\u0103l\u0103u, \u00eel cunosc cred c\u0103 de 15 ani \u015fi \u00eentotdeauna pentru noi, pentru mine, a fost un model. Un model \u00een ceea ce prive\u015fte cooperarea \u00eentre colegi, este un model \u00een ceea ce prive\u015fte organizarea activit\u0103\u0163ii politice \u015fi este un model \u00een privin\u0163a desf\u0103\u015fur\u0103rii activit\u0103\u0163ii sale, fie c\u0103 a fost prefectul jude\u0163ului sau c\u0103 a activat \u00een Parlamentul Rom\u00e2niei. <\/em><\/p>\n<p><em>Am venit s\u0103-i sus\u0163in \u015fi pe ceilal\u0163i candida\u0163i, deputa\u0163i \u015fi senatori, \u015fi am venit s\u0103 sus\u0163in un candidat femeie, pentru c\u0103, \u00een calitate de pre\u015fedinte al OFSD central, m\u0103 bucur c\u0103 este pentru prima dat\u0103 c\u00e2nd avem at\u00e2tea femei pe list\u0103. Avem locul nostru \u00een societate, dar trebuie s\u0103 avem \u015fi locul nostru \u00een politic\u0103(&#8230;). <\/em><\/p>\n<p><em>Pentru toate proiectele locale, jude\u0163ene \u015fi centrale trebuie s\u0103 avem un guvern preocupat de acestea, preocupat de accesarea fondurilor europene, pentru c\u0103, din p\u0103cate, avem acum un Guvern Zero, complet dezinteresat. <\/em><\/p>\n<p><em>Consider c\u0103 fiecare primar \u015fi om care \u00ee\u015fi iube\u015fte comunitate trebuie s\u0103 se implice \u00een aceas\u0103 lupt\u0103. Este lupta noastr\u0103 \u015fi a celor care au muncit o via\u0163\u0103, este lupta noastr\u0103 pentru to\u0163i cei care au construit Rom\u00e2nia!\u201d,<\/em> a spus Viorica D\u0103ncil\u0103.<img loading=\"lazy\" decoding=\"async\" class=\"aligncenter size-full wp-image-49334\" src=\"https:\/\/giurgiu-net.ro\/wp-content\/uploads\/2016\/12\/DSC_0104.jpg\" alt=\"dsc_0104\" width=\"800\" height=\"530\" \/><\/p>\n<p>Lu\u00e2nd cuv\u00e2ntul, senatorul Niculae B\u0103d\u0103l\u0103u a reamintit faptul c\u0103 este onorat s\u0103 fie \u00een fa\u0163a unei organiza\u0163ii teritoriale frunta\u015fe ale PSD Giurgiu.<\/p>\n<p><img loading=\"lazy\" decoding=\"async\" class=\"aligncenter size-full wp-image-49333\" src=\"https:\/\/giurgiu-net.ro\/wp-content\/uploads\/2016\/12\/DSC_0079.jpg\" alt=\"dsc_0079\" width=\"800\" height=\"575\" \/><\/p>\n<p><em>\u201eV\u0103 mul\u0163umesc pentru tot ce a\u0163i f\u0103cut la toate alegerile! 11 decembrie va fi o zi extrem de important\u0103 pentru to\u0163i rom\u00e2nii. Va fi o zi \u00een care ne vom decide soarta. PSD are un aliat puternic- poporul, iar acest lucru \u00eel vor sim\u0163i \u015fi adversarii, duminica viitoare. Actualii guvernan\u0163i vorbesc la TV despre nu \u015ftiu ce cre\u015ftere economic\u0103, spun pove\u015fti. <\/em><\/p>\n<p><em>PSD pune pe primul loc cet\u0103\u0163eanul, a\u015fa cum este normal \u00eent-o \u0163ar\u0103 democratic\u0103. Din p\u0103cate, Rom\u00e2nia a pierdut acest ultim an, iar asta se simte la toate nivelurile. <\/em><\/p>\n<p><em>S-a divizat societatea, avem un pre\u015fedinte care rupe \u00een dou\u0103 Rom\u00e2nia, avem un pre\u015fedinte \u015fi un premier care nu reprezint\u0103 rom\u00e2nii. <\/em><\/p>\n<p><em>Noi avem un Program de Guvernare coerent, cu m\u0103suri pentru rom\u00e2ni.<\/em><\/p>\n<p><em>(&#8230;) Eu, ca pre\u015fedinte de organiza\u0163ie, mi-am dorit \u015fi am reu\u015fit s\u0103 am o echip\u0103 puternic\u0103, unit\u0103 \u015fi venim acum \u00een fa\u0163a dumneavoastr\u0103 nu cu str\u0103ini, ci cu oameni care locuiesc \u015fi muncesc \u00een Giurgiu. Avem o echip\u0103 puternic\u0103, avem primari harnici \u015fi pentru care merit\u0103 s\u0103 ne zbatem. \u00cel avem \u015fi pe pre\u015fedintele Liviu Dragnea care ne-a ajutat enorm. Ne dorim ca dup\u0103 11 decembrie s\u0103 continu\u0103m schimbarea \u00een bine a Rom\u00e2niei \u015fi a jude\u0163ului nostru\u201d,<\/em> a subliniat Niculae B\u0103d\u0103l\u0103u.<\/p>\n<p>Text \u015fi Foto: C\u0103t\u0103lina Sfetcu<\/p>\n<p>Mai multe imagini AICI:\u00a0<a href=\"https:\/\/www.facebook.com\/pg\/Giurgiu-Net-673306689383875\/photos\/?tab=album&amp;album_id=1174992972548575\">https:\/\/www.facebook.com\/pg\/Giurgiu-Net-673306689383875\/photos\/?tab=album&amp;album_id=1174992972548575<\/a><\/p>\n","protected":false},"excerpt":{"rendered":"<p>Peste 300 de oameni, membri ai PSD, sus\u0163in\u0103tori, primari, prieteni ai edilului Constatin C\u0103r\u0103p\u0103nceanu, dar \u015fi oaspe\u0163i de seam\u0103 au participat luni, 5 decembrie, la o ac\u0163iune electoral\u0103 de amploare.<\/p>\n","protected":false},"author":1,"featured_media":49335,"comment_status":"open","ping_status":"open","sticky":false,"template":"","format":"standard","meta":{"slim_seo":{"title":"S-a declan\u015fat \u201eCodul ro\u015fu\u201d la Ghimpa\u0163i! - GIURGIU NET","description":"Peste 300 de oameni, membri ai PSD, sus\u0163in\u0103tori, primari, prieteni ai edilului Constatin C\u0103r\u0103p\u0103nceanu, dar \u015fi oaspe\u0163i de seam\u0103 au participat luni, 5 decembrie,"},"footnotes":""},"categories":[18,25,26],"tags":[721,1025,1839,2255,2290,2761],"class_list":["post-49317","post","type-post","status-publish","format-standard","has-post-thumbnail","category-actual","category-pol","category-soc","tag-constantin-carapanceanu","tag-elena-dinu","tag-niculae-badalau","tag-psd-ghimpati","tag-razvan-cuc","tag-viorica-dancila"],"_links":{"self":[{"href":"https:\/\/giurgiu-net.ro\/index.php\/wp-json\/wp\/v2\/posts\/49317","targetHints":{"allow":["GET"]}}],"collection":[{"href":"https:\/\/giurgiu-net.ro\/index.php\/wp-json\/wp\/v2\/posts"}],"about":[{"href":"https:\/\/giurgiu-net.ro\/index.php\/wp-json\/wp\/v2\/types\/post"}],"author":[{"embeddable":true,"href":"https:\/\/giurgiu-net.ro\/index.php\/wp-json\/wp\/v2\/users\/1"}],"replies":[{"embeddable":true,"href":"https:\/\/giurgiu-net.ro\/index.php\/wp-json\/wp\/v2\/comments?post=49317"}],"version-history":[{"count":0,"href":"https:\/\/giurgiu-net.ro\/index.php\/wp-json\/wp\/v2\/posts\/49317\/revisions"}],"wp:attachment":[{"href":"https:\/\/giurgiu-net.ro\/index.php\/wp-json\/wp\/v2\/media?parent=49317"}],"wp:term":[{"taxonomy":"category","embeddable":true,"href":"https:\/\/giurgiu-net.ro\/index.php\/wp-json\/wp\/v2\/categories?post=49317"},{"taxonomy":"post_tag","embeddable":true,"href":"https:\/\/giurgiu-net.ro\/index.php\/wp-json\/wp\/v2\/tags?post=49317"}],"curies":[{"name":"wp","href":"https:\/\/api.w.org\/{rel}","templated":true}]}}