{"id":48768,"date":"2016-11-09T09:28:37","date_gmt":"2016-11-09T07:28:37","guid":{"rendered":"http:\/\/giurgiu-net.ro\/?p=48768"},"modified":"2016-11-09T09:28:37","modified_gmt":"2016-11-09T07:28:37","slug":"giurgiu-lovit-cu-masina-chiar-pe-trecerea-de-pietoni","status":"publish","type":"post","link":"https:\/\/giurgiu-net.ro\/index.php\/2016\/11\/09\/giurgiu-lovit-cu-masina-chiar-pe-trecerea-de-pietoni\/","title":{"rendered":"GIURGIU: Lovit cu ma\u015fina chiar pe trecerea de pietoni"},"content":{"rendered":"<p><!--more--><\/p>\n<p>Accidentul s-a petrecut seara trecut\u0103, pe Bulevardul Bucure\u015fti din municipiul Giurgiu. Poli\u0163i\u015ftii anun\u0163\u0103 c\u0103, un b\u0103rbat, de 47 ani, din Giurgiu, \u00een timp ce conducea autoturismul, la trecerea pentru pietoni din zona intersec\u021biei cu strada Tineretului, nu a acordat prioritate de trecere lui I. L., un b\u0103rbat, de 57 ani, din municipiul Giurgiu, pieton angajat \u00een traversarea str\u0103zii prin loc marcat si semnalizat corespunz\u0103tor.<\/p>\n<p><em>\u201e\u00cen urma accidentului pietonul a fost r\u0103nit u\u0219or \u0219i transportat la Spitalul Jude\u021bean de Urgen\u021b\u0103 Giurgiu. Conduc\u0103torul auto nu se afla sub influen\u021ba b\u0103uturilor alcoolice \u0219i i s-au recoltat probe biologice \u00een vederea stabilirii alcoolemiei. \u00cen cauz\u0103 poli\u021bi\u0219tii Biroului Rutier efectueaz\u0103 cercet\u0103ri sub aspectul s\u0103v\u00e2r\u0219irii infrac\u021biunii de v\u0103t\u0103mare corporal\u0103 din culp\u0103\u201d<\/em>, se arat\u0103 \u00eentr-un comunicat de pres\u0103 al Poli\u0163iei Giurgiu.<\/p>\n","protected":false},"excerpt":{"rendered":"","protected":false},"author":1,"featured_media":40145,"comment_status":"open","ping_status":"open","sticky":false,"template":"","format":"standard","meta":{"slim_seo":{"title":"GIURGIU: Lovit cu ma\u015fina chiar pe trecerea de pietoni - GIURGIU NET","description":"Accidentul s-a petrecut seara trecut\u0103, pe Bulevardul Bucure\u015fti din municipiul Giurgiu. Poli\u0163i\u015ftii anun\u0163\u0103 c\u0103, un b\u0103rbat, de 47 ani, din Giurgiu, \u00een timp ce condu"},"footnotes":""},"categories":[18,26],"tags":[],"class_list":{"0":"post-48768","1":"post","2":"type-post","3":"status-publish","4":"format-standard","5":"has-post-thumbnail","7":"category-actual","8":"category-soc"},"_links":{"self":[{"href":"https:\/\/giurgiu-net.ro\/index.php\/wp-json\/wp\/v2\/posts\/48768","targetHints":{"allow":["GET"]}}],"collection":[{"href":"https:\/\/giurgiu-net.ro\/index.php\/wp-json\/wp\/v2\/posts"}],"about":[{"href":"https:\/\/giurgiu-net.ro\/index.php\/wp-json\/wp\/v2\/types\/post"}],"author":[{"embeddable":true,"href":"https:\/\/giurgiu-net.ro\/index.php\/wp-json\/wp\/v2\/users\/1"}],"replies":[{"embeddable":true,"href":"https:\/\/giurgiu-net.ro\/index.php\/wp-json\/wp\/v2\/comments?post=48768"}],"version-history":[{"count":0,"href":"https:\/\/giurgiu-net.ro\/index.php\/wp-json\/wp\/v2\/posts\/48768\/revisions"}],"wp:featuredmedia":[{"embeddable":true,"href":"https:\/\/giurgiu-net.ro\/index.php\/wp-json\/wp\/v2\/media\/40145"}],"wp:attachment":[{"href":"https:\/\/giurgiu-net.ro\/index.php\/wp-json\/wp\/v2\/media?parent=48768"}],"wp:term":[{"taxonomy":"category","embeddable":true,"href":"https:\/\/giurgiu-net.ro\/index.php\/wp-json\/wp\/v2\/categories?post=48768"},{"taxonomy":"post_tag","embeddable":true,"href":"https:\/\/giurgiu-net.ro\/index.php\/wp-json\/wp\/v2\/tags?post=48768"}],"curies":[{"name":"wp","href":"https:\/\/api.w.org\/{rel}","templated":true}]}}