{"id":48760,"date":"2016-11-09T09:54:39","date_gmt":"2016-11-09T07:54:39","guid":{"rendered":"http:\/\/giurgiu-net.ro\/?p=48760"},"modified":"2016-11-09T09:54:39","modified_gmt":"2016-11-09T07:54:39","slug":"program-psd-calificarea-lucratorilor-din-agricultura-credite-de-dezvoltare-si-scutirea-de-tva-la-materii-prime","status":"publish","type":"post","link":"https:\/\/giurgiu-net.ro\/index.php\/2016\/11\/09\/program-psd-calificarea-lucratorilor-din-agricultura-credite-de-dezvoltare-si-scutirea-de-tva-la-materii-prime\/","title":{"rendered":"PROGRAM PSD: Calificarea lucr\u0103torilor din agricultur\u0103, credite de dezvoltare \u015fi scutirea de TVA la materii prime"},"content":{"rendered":"<p>A\u015fa cum am anun\u0163at, continu\u0103m prezentarea celor mai importante m\u0103suri prinse \u00een programul de Guvernare PSD pentru agricultur\u0103.<!--more--><\/p>\n<p>Astfel, social-democra\u0163ii propun \u015fi acordarea unor credite de dezvoltare pentru stimularea produc\u0163iilor vegetale, zootehnice, dar \u015fi celei din acvacultur\u0103 \u015fi industrie alimentar\u0103.<img loading=\"lazy\" decoding=\"async\" class=\"aligncenter size-full wp-image-48761\" src=\"https:\/\/giurgiu-net.ro\/wp-content\/uploads\/2016\/11\/Agricultura_08________20.jpg\" alt=\"agricultura_08________20\" width=\"1404\" height=\"994\" \/> \u00cen Programul de Guvernare PSD pentru agricultur\u0103 este prins\u0103 \u015fi m\u0103sura scutirii de la TVA la materii prime \u015fi servicii:<img loading=\"lazy\" decoding=\"async\" class=\"aligncenter size-full wp-image-48762\" src=\"https:\/\/giurgiu-net.ro\/wp-content\/uploads\/2016\/11\/Agricultura_08________21.jpg\" alt=\"agricultura_08________21\" width=\"1404\" height=\"994\" \/> Angajarea tinerilor \u00een agricultur\u0103 este, de asemenea, una dintre priorit\u0103\u0163i:<img loading=\"lazy\" decoding=\"async\" class=\"aligncenter size-full wp-image-48763\" src=\"https:\/\/giurgiu-net.ro\/wp-content\/uploads\/2016\/11\/Agricultura_08________22.jpg\" alt=\"agricultura_08________22\" width=\"1404\" height=\"994\" \/> \u015ei, la fel de important\u0103 este \u015fi calificarea lucr\u0103torilor din agricultur\u0103:<img loading=\"lazy\" decoding=\"async\" class=\"aligncenter size-full wp-image-48764\" src=\"https:\/\/giurgiu-net.ro\/wp-content\/uploads\/2016\/11\/Agricultura_08________23.jpg\" alt=\"agricultura_08________23\" width=\"1404\" height=\"994\" \/><\/p>\n","protected":false},"excerpt":{"rendered":"<p>A\u015fa cum am anun\u0163at, continu\u0103m prezentarea celor mai importante m\u0103suri prinse \u00een programul de Guvernare PSD pentru agricultur\u0103.<\/p>\n","protected":false},"author":1,"featured_media":48765,"comment_status":"open","ping_status":"open","sticky":false,"template":"","format":"standard","meta":{"slim_seo":{"title":"PROGRAM PSD: Calificarea lucr\u0103torilor din agricultur\u0103, credite de dezvoltare \u015fi scutirea de TVA la materii prime - GIURGIU NET","description":"A\u015fa cum am anun\u0163at, continu\u0103m prezentarea celor mai importante m\u0103suri prinse \u00een programul de Guvernare PSD pentru agricultur\u0103. Astfel, social-democra\u0163ii propun"},"footnotes":""},"categories":[18,25],"tags":[2186],"class_list":{"0":"post-48760","1":"post","2":"type-post","3":"status-publish","4":"format-standard","5":"has-post-thumbnail","7":"category-actual","8":"category-pol","9":"tag-program-guvernare-psd-agricultura"},"_links":{"self":[{"href":"https:\/\/giurgiu-net.ro\/index.php\/wp-json\/wp\/v2\/posts\/48760","targetHints":{"allow":["GET"]}}],"collection":[{"href":"https:\/\/giurgiu-net.ro\/index.php\/wp-json\/wp\/v2\/posts"}],"about":[{"href":"https:\/\/giurgiu-net.ro\/index.php\/wp-json\/wp\/v2\/types\/post"}],"author":[{"embeddable":true,"href":"https:\/\/giurgiu-net.ro\/index.php\/wp-json\/wp\/v2\/users\/1"}],"replies":[{"embeddable":true,"href":"https:\/\/giurgiu-net.ro\/index.php\/wp-json\/wp\/v2\/comments?post=48760"}],"version-history":[{"count":0,"href":"https:\/\/giurgiu-net.ro\/index.php\/wp-json\/wp\/v2\/posts\/48760\/revisions"}],"wp:featuredmedia":[{"embeddable":true,"href":"https:\/\/giurgiu-net.ro\/index.php\/wp-json\/"}],"wp:attachment":[{"href":"https:\/\/giurgiu-net.ro\/index.php\/wp-json\/wp\/v2\/media?parent=48760"}],"wp:term":[{"taxonomy":"category","embeddable":true,"href":"https:\/\/giurgiu-net.ro\/index.php\/wp-json\/wp\/v2\/categories?post=48760"},{"taxonomy":"post_tag","embeddable":true,"href":"https:\/\/giurgiu-net.ro\/index.php\/wp-json\/wp\/v2\/tags?post=48760"}],"curies":[{"name":"wp","href":"https:\/\/api.w.org\/{rel}","templated":true}]}}