{"id":48755,"date":"2016-11-09T09:43:05","date_gmt":"2016-11-09T07:43:05","guid":{"rendered":"http:\/\/giurgiu-net.ro\/?p=48755"},"modified":"2016-11-09T09:43:05","modified_gmt":"2016-11-09T07:43:05","slug":"stiri-pe-surse-a-inceput-operatiunea-sacosa","status":"publish","type":"post","link":"https:\/\/giurgiu-net.ro\/index.php\/2016\/11\/09\/stiri-pe-surse-a-inceput-operatiunea-sacosa\/","title":{"rendered":"\u015eTIRI PE SURSE: A \u00eenceput opera\u0163iunea &#8222;Saco\u015fa&#8221;"},"content":{"rendered":"<p>Uof, uof, m\u0103i, m\u0103i! Jurnali\u015ftii de la \u015etiri pe Surse au intrat \u00een posesia unor fotografii nu tocmai frumoase despre un partid care se pare c\u0103 nu prea face tocmai ce zice:<!--more--><\/p>\n<p><strong>Ziari\u015ftii de la cotidianul men\u0163ionat noteaz\u0103 c\u0103 \u00eentr-o comun\u0103 prahovean\u0103, au fost fotografiate mai multe ma\u015fini plini cu punguli\u0163e inscrip\u0163ionate cu PNL.<img loading=\"lazy\" decoding=\"async\" class=\"aligncenter size-full wp-image-48756\" src=\"https:\/\/giurgiu-net.ro\/wp-content\/uploads\/2016\/11\/Desktop.jpg\" alt=\"desktop\" width=\"5120\" height=\"3200\" \/><\/strong><\/p>\n<p><a href=\"https:\/\/ph-online.ro\/politica\/item\/78967-operatiunea-sacosa-2-pnl-imparte-pachete-in-cartierele-din-ploiesti\">Fotografiile<\/a>\u00a0au fost surprinse \u00een Comuna Gherghi\u021ba (Prahova):<\/p>\n<p>&nbsp;<\/p>\n","protected":false},"excerpt":{"rendered":"<p>Uof, uof, m\u0103i, m\u0103i! Jurnali\u015ftii de la \u015etiri pe Surse au intrat \u00een posesia unor fotografii nu tocmai frumoase despre un partid care se pare c\u0103 nu prea face tocmai ce zice:<\/p>\n","protected":false},"author":1,"featured_media":48757,"comment_status":"open","ping_status":"open","sticky":false,"template":"","format":"standard","meta":{"slim_seo":{"title":"\u015eTIRI PE SURSE: A \u00eenceput opera\u0163iunea \"Saco\u015fa\" - GIURGIU NET","description":"Uof, uof, m\u0103i, m\u0103i! Jurnali\u015ftii de la \u015etiri pe Surse au intrat \u00een posesia unor fotografii nu tocmai frumoase despre un partid care se pare c\u0103 nu prea face tocma"},"footnotes":""},"categories":[18,25],"tags":[163,1759,2025],"class_list":{"0":"post-48755","1":"post","2":"type-post","3":"status-publish","4":"format-standard","5":"has-post-thumbnail","7":"category-actual","8":"category-pol","9":"tag-alegeri-parlamentare","10":"tag-mita-electorala","11":"tag-pnl"},"_links":{"self":[{"href":"https:\/\/giurgiu-net.ro\/index.php\/wp-json\/wp\/v2\/posts\/48755","targetHints":{"allow":["GET"]}}],"collection":[{"href":"https:\/\/giurgiu-net.ro\/index.php\/wp-json\/wp\/v2\/posts"}],"about":[{"href":"https:\/\/giurgiu-net.ro\/index.php\/wp-json\/wp\/v2\/types\/post"}],"author":[{"embeddable":true,"href":"https:\/\/giurgiu-net.ro\/index.php\/wp-json\/wp\/v2\/users\/1"}],"replies":[{"embeddable":true,"href":"https:\/\/giurgiu-net.ro\/index.php\/wp-json\/wp\/v2\/comments?post=48755"}],"version-history":[{"count":0,"href":"https:\/\/giurgiu-net.ro\/index.php\/wp-json\/wp\/v2\/posts\/48755\/revisions"}],"wp:featuredmedia":[{"embeddable":true,"href":"https:\/\/giurgiu-net.ro\/index.php\/wp-json\/"}],"wp:attachment":[{"href":"https:\/\/giurgiu-net.ro\/index.php\/wp-json\/wp\/v2\/media?parent=48755"}],"wp:term":[{"taxonomy":"category","embeddable":true,"href":"https:\/\/giurgiu-net.ro\/index.php\/wp-json\/wp\/v2\/categories?post=48755"},{"taxonomy":"post_tag","embeddable":true,"href":"https:\/\/giurgiu-net.ro\/index.php\/wp-json\/wp\/v2\/tags?post=48755"}],"curies":[{"name":"wp","href":"https:\/\/api.w.org\/{rel}","templated":true}]}}